{"id":9994,"date":"2023-04-11T10:05:22","date_gmt":"2023-04-11T10:05:22","guid":{"rendered":"https:\/\/dekkbi.com\/?p=9994"},"modified":"2023-04-11T10:05:23","modified_gmt":"2023-04-11T10:05:23","slug":"mali-precisions-sur-les-propositions-de-la-mediation-pour-sauver-laccord-de-paix","status":"publish","type":"post","link":"https:\/\/dekkbi.com\/?p=9994","title":{"rendered":"Mali: pr\u00e9cisions sur les propositions de la m\u00e9diation pour sauver l&rsquo;accord de paix"},"content":{"rendered":"\n<p><strong>Au Mali, on en sait un peu plus sur les propositions faites par la m\u00e9diation internationale au gouvernement de transition et aux groupes arm\u00e9s signataires pour sauver l&rsquo;accord de paix. Dans un communiqu\u00e9 publi\u00e9 le dimanche 9 avril, la m\u00e9diation parlait de \u00ab\u00a0<\/strong><em>propositions concr\u00e8tes\u00a0<\/em><strong>\u00bb, sans pr\u00e9ciser. RFI a obtenu davantage de d\u00e9tails aupr\u00e8s des destinataires de ces propositions.<\/strong><\/p>\n\n\n\n<p>La m\u00e9diation internationale, conduite par l&rsquo;Alg\u00e9rie, propose d&rsquo;enclencher le processus DDR de d\u00e9sarmement&nbsp;&#8211;&nbsp;d\u00e9mobilisation&nbsp;&#8211;&nbsp;r\u00e9insertion des combattants issus des groupes arm\u00e9s signataires de l&rsquo;accord de paix. Des quotas de deux fois 13&nbsp;000 hommes ont d\u00e9j\u00e0 fait l&rsquo;objet d&rsquo;un accord entre les deux parties, mais les groupes arm\u00e9s veulent au pr\u00e9alable des assurances sur la cha\u00eene de commandement de la future arm\u00e9e reconstitu\u00e9e, qui rassemblera soldats des forces maliennes et combattants issus de ces groupes.&nbsp;<\/p>\n\n\n\n<p>Des commissions ont d\u00e9j\u00e0 \u00e9t\u00e9 annonc\u00e9es en ao\u00fbt 2022, pour pr\u00e9ciser la place des ex-rebelles dans la hi\u00e9rarchie militaire (commission&nbsp;<em>ad hoc<\/em>), ou les corps de la fonction publique dans lesquels ils pourraient \u00eatre int\u00e9gr\u00e9s (commission interminist\u00e9rielle). Leurs conclusions sont toujours attendues.&nbsp;<\/p>\n\n\n\n<h2 class=\"wp-block-heading\">Projets de loi pr\u00e9par\u00e9s conjointement<\/h2>\n\n\n\n<p>La m\u00e9diation internationale sugg\u00e8re \u00e9galement que des projets de lois &#8211;&nbsp;organiques et ordinaires&nbsp;&#8211; soient pr\u00e9par\u00e9s conjointement par le gouvernement de transition et les groupes arm\u00e9s sur le processus de d\u00e9centralisation pr\u00e9vu par l&rsquo;accord de paix. Insuffisant pour les groupes arm\u00e9s, qui souhaitent que certaines modalit\u00e9s, notamment sur la r\u00e9gionalisation, soient inscrites dans la Constitution.&nbsp;<\/p>\n\n\n\n<p>Or, le projet de nouvelle Constitution, finalis\u00e9 le mois dernier, et que le gouvernement de transition pr\u00e9voit de soumettre \u00e0 r\u00e9f\u00e9rendum \u00e0 une date toujours inconnue, n&rsquo;en fait pas mention.<\/p>\n\n\n\n<h2 class=\"wp-block-heading\">R\u00e9unions avec le gouvernement et les groupes arm\u00e9s<\/h2>\n\n\n\n<p>La m\u00e9diation internationale, \u00ab&nbsp;<em>inqui\u00e8te<\/em>&nbsp;\u00bb du \u00ab&nbsp;<em>regain actuel de tension entre les parties signataires&nbsp;<\/em>\u00bb, selon son communiqu\u00e9 publi\u00e9 dimanche dernier, veut acc\u00e9l\u00e9rer la cadence&nbsp;: elle propose une r\u00e9union avec le gouvernement la semaine prochaine &#8211;&nbsp;\u00e0 partir du 17 avril&nbsp;&#8211; puis une autre \u00e9largie aux groupes signataires la semaine suivante, \u00e0 partir du 24 avril.<\/p>\n\n\n\n<p>Sollicit\u00e9 par RFI, le minist\u00e8re malien de la R\u00e9conciliation nationale, en charge de l&rsquo;accord de paix, n&rsquo;a pas donn\u00e9 suite. Un haut cadre des groupes arm\u00e9s signataires juge constructives les propositions de la m\u00e9diation mais estime que les autorit\u00e9s maliennes de transition doivent avant tout lever certaines ambigu\u00eft\u00e9s\u00a0: \u00ab\u00a0<em>Elles ne parlent plus que de mise en oeuvre \u00ab\u00a0intelligente\u00a0\u00bb de l&rsquo;accord de paix\u00a0: si certains points ne les int\u00e9ressent plus, il faut le dire \u00e0 tout le monde<\/em>\u00a0\u00bb.<\/p>\n\n\n\n<p>SOURCE 7SUR7<\/p>\n","protected":false},"excerpt":{"rendered":"<p>Au Mali, on en sait un peu plus sur les propositions faites par la m\u00e9diation internationale au gouvernement de transition<\/p>\n","protected":false},"author":1,"featured_media":2795,"comment_status":"open","ping_status":"open","sticky":false,"template":"","format":"standard","meta":{"footnotes":""},"categories":[51],"tags":[],"class_list":["post-9994","post","type-post","status-publish","format-standard","has-post-thumbnail","hentry","category-general"],"_links":{"self":[{"href":"https:\/\/dekkbi.com\/index.php?rest_route=\/wp\/v2\/posts\/9994","targetHints":{"allow":["GET"]}}],"collection":[{"href":"https:\/\/dekkbi.com\/index.php?rest_route=\/wp\/v2\/posts"}],"about":[{"href":"https:\/\/dekkbi.com\/index.php?rest_route=\/wp\/v2\/types\/post"}],"author":[{"embeddable":true,"href":"https:\/\/dekkbi.com\/index.php?rest_route=\/wp\/v2\/users\/1"}],"replies":[{"embeddable":true,"href":"https:\/\/dekkbi.com\/index.php?rest_route=%2Fwp%2Fv2%2Fcomments&post=9994"}],"version-history":[{"count":1,"href":"https:\/\/dekkbi.com\/index.php?rest_route=\/wp\/v2\/posts\/9994\/revisions"}],"predecessor-version":[{"id":9996,"href":"https:\/\/dekkbi.com\/index.php?rest_route=\/wp\/v2\/posts\/9994\/revisions\/9996"}],"wp:featuredmedia":[{"embeddable":true,"href":"https:\/\/dekkbi.com\/index.php?rest_route=\/wp\/v2\/media\/2795"}],"wp:attachment":[{"href":"https:\/\/dekkbi.com\/index.php?rest_route=%2Fwp%2Fv2%2Fmedia&parent=9994"}],"wp:term":[{"taxonomy":"category","embeddable":true,"href":"https:\/\/dekkbi.com\/index.php?rest_route=%2Fwp%2Fv2%2Fcategories&post=9994"},{"taxonomy":"post_tag","embeddable":true,"href":"https:\/\/dekkbi.com\/index.php?rest_route=%2Fwp%2Fv2%2Ftags&post=9994"}],"curies":[{"name":"wp","href":"https:\/\/api.w.org\/{rel}","templated":true}]}}