{"id":9982,"date":"2023-04-11T09:58:31","date_gmt":"2023-04-11T09:58:31","guid":{"rendered":"https:\/\/dekkbi.com\/?p=9982"},"modified":"2023-04-11T09:58:32","modified_gmt":"2023-04-11T09:58:32","slug":"matam-les-enseignants-invites-a-dissocier-la-politique-de-lenseignement","status":"publish","type":"post","link":"https:\/\/dekkbi.com\/?p=9982","title":{"rendered":"Matam : les enseignants invit\u00e9s \u00e0 dissocier la politique de l\u2019enseignement"},"content":{"rendered":"\n<p>(APS) \u2013 Le coordonnateur du Mouvement des enseignants r\u00e9publicains de la commune de Nabadji Civol, Mamadou Demba Sy, a invit\u00e9 les enseignants engag\u00e9s politiquement de \u2018\u2019dissocier la politique de l\u2019enseignement et (\u00e0) mettre en avant les apprentissages\u2019\u2019.<\/p>\n\n\n\n<p>\u2018\u2019Nous avons toujours demand\u00e9 \u00e0 ce que les revendications des enseignants soient satisfaites, quel que soit leur appartenance politique, ce qui est en train d\u2019\u00eatre fait. Mais, nous ne pouvons pas accepter que des enseignants se mettent derri\u00e8re les syndicats pour faire de la politique. Ils n\u2019ont qu\u2019\u00e0 dissocier les deux\u2019\u2019, a-t-il dit.<\/p>\n\n\n\n<p>Il intervenait lundi lors d\u2019un \u2018\u2019Ndogou d\u00e9bat\u2019\u2019 organis\u00e9 par cette structure de la mouvance pr\u00e9sidentielle que r\u00e9unit les enseignants de cette commune du d\u00e9partement de Matam, tenu dans le village de Thiamb\u00e9, \u00e0 une dizaine de kilom\u00e8tres de Ourossogui.<\/p>\n\n\n\n<p>Selon lui, chacun peut militer au sein du parti o\u00f9 se sent le mieux que ce soit dans l\u2019opposition comme dans le pouvoir.<\/p>\n\n\n\n<p>Le th\u00e8me de cette rencontre a port\u00e9 sur \u2018\u2019le r\u00f4le et la place de l\u2019enseignant r\u00e9publicain dans le deuxi\u00e8me quinquennat de Macky Sall\u2019\u2019.<\/p>\n\n\n\n<p>Source-sudquotidien<\/p>\n","protected":false},"excerpt":{"rendered":"<p>(APS) \u2013 Le coordonnateur du Mouvement des enseignants r\u00e9publicains de la commune de Nabadji Civol, Mamadou Demba Sy, a invit\u00e9<\/p>\n","protected":false},"author":1,"featured_media":9986,"comment_status":"open","ping_status":"open","sticky":false,"template":"","format":"standard","meta":{"footnotes":""},"categories":[21],"tags":[],"class_list":["post-9982","post","type-post","status-publish","format-standard","has-post-thumbnail","hentry","category-societe"],"_links":{"self":[{"href":"https:\/\/dekkbi.com\/index.php?rest_route=\/wp\/v2\/posts\/9982","targetHints":{"allow":["GET"]}}],"collection":[{"href":"https:\/\/dekkbi.com\/index.php?rest_route=\/wp\/v2\/posts"}],"about":[{"href":"https:\/\/dekkbi.com\/index.php?rest_route=\/wp\/v2\/types\/post"}],"author":[{"embeddable":true,"href":"https:\/\/dekkbi.com\/index.php?rest_route=\/wp\/v2\/users\/1"}],"replies":[{"embeddable":true,"href":"https:\/\/dekkbi.com\/index.php?rest_route=%2Fwp%2Fv2%2Fcomments&post=9982"}],"version-history":[{"count":1,"href":"https:\/\/dekkbi.com\/index.php?rest_route=\/wp\/v2\/posts\/9982\/revisions"}],"predecessor-version":[{"id":9991,"href":"https:\/\/dekkbi.com\/index.php?rest_route=\/wp\/v2\/posts\/9982\/revisions\/9991"}],"wp:featuredmedia":[{"embeddable":true,"href":"https:\/\/dekkbi.com\/index.php?rest_route=\/wp\/v2\/media\/9986"}],"wp:attachment":[{"href":"https:\/\/dekkbi.com\/index.php?rest_route=%2Fwp%2Fv2%2Fmedia&parent=9982"}],"wp:term":[{"taxonomy":"category","embeddable":true,"href":"https:\/\/dekkbi.com\/index.php?rest_route=%2Fwp%2Fv2%2Fcategories&post=9982"},{"taxonomy":"post_tag","embeddable":true,"href":"https:\/\/dekkbi.com\/index.php?rest_route=%2Fwp%2Fv2%2Ftags&post=9982"}],"curies":[{"name":"wp","href":"https:\/\/api.w.org\/{rel}","templated":true}]}}