{"id":9953,"date":"2023-04-10T09:51:21","date_gmt":"2023-04-10T09:51:21","guid":{"rendered":"https:\/\/dekkbi.com\/?p=9953"},"modified":"2023-04-10T09:51:22","modified_gmt":"2023-04-10T09:51:22","slug":"decede-a-76-ans-ibrahima-sene-un-intellectuel-et-homme-de-gauche","status":"publish","type":"post","link":"https:\/\/dekkbi.com\/?p=9953","title":{"rendered":"D\u00e9c\u00e9d\u00e9 \u00e0 76 ans, Ibrahima Sene un intellectuel et homme de gauche"},"content":{"rendered":"\n<p>Ibrahima Sene membre charismatique du Parti de l\u2019ind\u00e9pendance et du travail (PIT) est d\u00e9c\u00e9d\u00e9 ce 9 avril \u00e0 l\u2019\u00e2ge de 76 ans.Ibrahima S\u00e8ne est un agro\u00e9conomiste de formation. Il a fait ses \u00e9tudes sup\u00e9rieures en Union sovi\u00e9tique et aux Etats-Unis. Il a \u00e9galement \u00e9t\u00e9 journaliste. Acteur cl\u00e9 de l\u2019histoire politique s\u00e9n\u00e9galaise, homme libre et courageux dans ses prises de positions, il a v\u00e9cu sous le sous le sceau d\u2019un communisme ouvert et assum\u00e9. A l\u2019annonce de son d\u00e9c\u00e8s, des acteurs de la vie publique, issus de tout bord, lui ont rendu un hommage unanime.\u00abJ\u2019ai appris avec tristesse le d\u00e9c\u00e8s du doyen Ibrahima S\u00e8ne. Je rends hommage \u00e0 un patriote sinc\u00e8re, un combattant acharn\u00e9 de la d\u00e9mocratie et des libert\u00e9s, un intellectuel disponible et g\u00e9n\u00e9reux. Je pr\u00e9sente mes condol\u00e9ances \u00e0 sa famille, au PIT et \u00e0 toute la classe politique \u00bb, a r\u00e9agi le chef de l\u2019\u00c9tat sur son compte Twitter.Khalifa Ababacar Sall, leader de Taxawu S\u00e9n\u00e9gal s\u2019exprimant sur sa page faccebook s\u2019est dit attrist\u00e9 du rappel \u00e0 Dieu \u00abd\u2019un homme politique fid\u00e8le aux convictions et valeurs de la gauche et un patriote engag\u00e9 au service de son pays \u00bb. Il pr\u00e9sente ses condol\u00e9ances \u00e0 la famille du d\u00e9funt, ses amis et \u00e0 l\u2019ensemble des militants et sympathisants du PIT.O.B LESOLEIL <\/p>\n","protected":false},"excerpt":{"rendered":"<p>Ibrahima Sene membre charismatique du Parti de l\u2019ind\u00e9pendance et du travail (PIT) est d\u00e9c\u00e9d\u00e9 ce 9 avril \u00e0 l\u2019\u00e2ge de<\/p>\n","protected":false},"author":1,"featured_media":9954,"comment_status":"open","ping_status":"open","sticky":false,"template":"","format":"standard","meta":{"footnotes":""},"categories":[6],"tags":[],"class_list":["post-9953","post","type-post","status-publish","format-standard","has-post-thumbnail","hentry","category-politics"],"_links":{"self":[{"href":"https:\/\/dekkbi.com\/index.php?rest_route=\/wp\/v2\/posts\/9953","targetHints":{"allow":["GET"]}}],"collection":[{"href":"https:\/\/dekkbi.com\/index.php?rest_route=\/wp\/v2\/posts"}],"about":[{"href":"https:\/\/dekkbi.com\/index.php?rest_route=\/wp\/v2\/types\/post"}],"author":[{"embeddable":true,"href":"https:\/\/dekkbi.com\/index.php?rest_route=\/wp\/v2\/users\/1"}],"replies":[{"embeddable":true,"href":"https:\/\/dekkbi.com\/index.php?rest_route=%2Fwp%2Fv2%2Fcomments&post=9953"}],"version-history":[{"count":1,"href":"https:\/\/dekkbi.com\/index.php?rest_route=\/wp\/v2\/posts\/9953\/revisions"}],"predecessor-version":[{"id":9955,"href":"https:\/\/dekkbi.com\/index.php?rest_route=\/wp\/v2\/posts\/9953\/revisions\/9955"}],"wp:featuredmedia":[{"embeddable":true,"href":"https:\/\/dekkbi.com\/index.php?rest_route=\/wp\/v2\/media\/9954"}],"wp:attachment":[{"href":"https:\/\/dekkbi.com\/index.php?rest_route=%2Fwp%2Fv2%2Fmedia&parent=9953"}],"wp:term":[{"taxonomy":"category","embeddable":true,"href":"https:\/\/dekkbi.com\/index.php?rest_route=%2Fwp%2Fv2%2Fcategories&post=9953"},{"taxonomy":"post_tag","embeddable":true,"href":"https:\/\/dekkbi.com\/index.php?rest_route=%2Fwp%2Fv2%2Ftags&post=9953"}],"curies":[{"name":"wp","href":"https:\/\/api.w.org\/{rel}","templated":true}]}}