{"id":9894,"date":"2023-04-07T10:43:43","date_gmt":"2023-04-07T10:43:43","guid":{"rendered":"https:\/\/dekkbi.com\/?p=9894"},"modified":"2023-04-07T11:06:11","modified_gmt":"2023-04-07T11:06:11","slug":"tunisie-le-president-kais-saied-de-nouveau-sur-le-terrain-apres-une-absence-remarquee","status":"publish","type":"post","link":"https:\/\/dekkbi.com\/?p=9894","title":{"rendered":"Tunisie: le pr\u00e9sident Ka\u00efs Sa\u00efed de nouveau sur le terrain"},"content":{"rendered":"\n<p><strong>Ce 6 avril 2023, Ka\u00efs Sa\u00efed a effectu\u00e9 un d\u00e9placement \u00e0 Monastir, \u00e0 l\u2019occasion des vingt-trois ans de la mort du p\u00e8re de l\u2019ind\u00e9pendance tunisienne, Habib Bourguiba. Le pr\u00e9sident tunisien \u2013 dont la r\u00e9cente absence durant douze jours avait suscit\u00e9 des interrogations \u2013 en a profit\u00e9 pour montrer qu\u2019il restait bien ma\u00eetre \u00e0 bord. Le chef de l\u2019\u00c9tat a notamment \u00e9voqu\u00e9 les tractations avec le Fonds mon\u00e9taire international pour une nouvelle salve de pr\u00eats.<\/strong><\/p>\n\n\n\n<p><em>Avec notre correspondante \u00e0 Tunis,&nbsp;<\/em><strong>Amira Souilem<\/strong><\/p>\n\n\n\n<p>Le pr\u00e9sident tunisien est de retour sur le terrain. Ka\u00efs Sa\u00efed avait suscit\u00e9 des interrogations dans son pays derni\u00e8rement. Pendant douze jours, il n\u2019\u00e9tait plus apparu en public. Le 3 avril d\u00e9j\u00e0, le chef de l\u2019\u00c9tat avait mis fin aux sp\u00e9culations sur sa sant\u00e9 en prenant la parole depuis le palais de Carthage.<\/p>\n\n\n\n<p><\/p>\n\n\n\n<p>Et ce 6 avril, lors d\u2019un d\u00e9placement \u00e0 l\u2019occasion des vingt-trois ans de la mort du p\u00e8re de l\u2019ind\u00e9pendance tunisienne Habib Bourguiba, l\u2019actuel pr\u00e9sident a tenu \u00e0 montrer qu\u2019il restait bien ma\u00eetre \u00e0 bord.<\/p>\n\n\n\n<p>Droit, le pas assur\u00e9 et la voix visiblement \u00e9claircie depuis sa derni\u00e8re prise de parole, Ka\u00efs Sa\u00efed a fait le d\u00e9placement jusqu\u2019\u00e0 Monastir, \u00e0 un peu plus de deux heures au sud de Tunis.<\/p>\n\n\n\n<p>Alors que son absence a fait planer le doute sur son \u00e9tat de sant\u00e9, le pr\u00e9sident tunisien \u2013 chose assez rare \u2013 a r\u00e9pondu \u00e0 quelques questions des journalistes.<\/p>\n\n\n\n<h2 class=\"wp-block-heading\">\u00ab&nbsp;<em>Je ne suis pas pr\u00eat \u00e0 laisser le pouvoir \u00e0 des non-patriotes<\/em>&nbsp;\u00bb<\/h2>\n\n\n\n<p>Ce d\u00e9placement au mausol\u00e9e de Habib Bourguiba a surtout \u00e9t\u00e9 l\u2019occasion pour lui de montrer qu\u2019il \u00e9tait plus que jamais aux commandes de son pays. \u00ab&nbsp;<em>Ce qui m\u2019int\u00e9resse, c\u2019est ma nation<\/em>, a-t-il d\u00e9clar\u00e9.&nbsp;<em>Et je ne suis pas pr\u00eat \u00e0 laisser le pouvoir \u00e0 des non-patriotes<\/em>&nbsp;\u00bb.<\/p>\n\n\n\n<p>Le pr\u00e9sident tunisien a r\u00e9it\u00e9r\u00e9 ses griefs traditionnels \u00e0 l\u2019encontre de ses opposants, des journalistes mais aussi de l\u2019\u00e9tranger. En particulier le Fonds mon\u00e9taire international (FMI) avec lequel la Tunisie a entam\u00e9 des tractations pour une nouvelle salve de pr\u00eats. \u00ab&nbsp;<em>Pour ce qui est du FMI, les injonctions venant de l\u2019\u00e9tranger et qui cr\u00e9ent davantage d\u2019appauvrissement ne sont pas&nbsp;<\/em>acceptables, a-t-il ajout\u00e9.<em>&nbsp;Nous devons compter sur nous-m\u00eames<\/em>&nbsp;\u00bb.<\/p>\n\n\n\n<p>Un discours qui intervient alors que les inqui\u00e9tudes se multiplient \u00e0 l\u2019international. Il y a deux semaines, Josep Borrell, le chef de la diplomatie europ\u00e9enne, avait averti d\u2019un possible \u00ab&nbsp;<em>effondrement<\/em>&nbsp;\u00bb de la Tunisie si l\u2019accord avec le FMI n\u2019\u00e9tait pas sign\u00e9.<\/p>\n","protected":false},"excerpt":{"rendered":"<p>Ce 6 avril 2023, Ka\u00efs Sa\u00efed a effectu\u00e9 un d\u00e9placement \u00e0 Monastir, \u00e0 l\u2019occasion des vingt-trois ans de la mort<\/p>\n","protected":false},"author":1,"featured_media":8349,"comment_status":"open","ping_status":"open","sticky":false,"template":"","format":"standard","meta":{"footnotes":""},"categories":[51],"tags":[],"class_list":["post-9894","post","type-post","status-publish","format-standard","has-post-thumbnail","hentry","category-general"],"_links":{"self":[{"href":"https:\/\/dekkbi.com\/index.php?rest_route=\/wp\/v2\/posts\/9894","targetHints":{"allow":["GET"]}}],"collection":[{"href":"https:\/\/dekkbi.com\/index.php?rest_route=\/wp\/v2\/posts"}],"about":[{"href":"https:\/\/dekkbi.com\/index.php?rest_route=\/wp\/v2\/types\/post"}],"author":[{"embeddable":true,"href":"https:\/\/dekkbi.com\/index.php?rest_route=\/wp\/v2\/users\/1"}],"replies":[{"embeddable":true,"href":"https:\/\/dekkbi.com\/index.php?rest_route=%2Fwp%2Fv2%2Fcomments&post=9894"}],"version-history":[{"count":2,"href":"https:\/\/dekkbi.com\/index.php?rest_route=\/wp\/v2\/posts\/9894\/revisions"}],"predecessor-version":[{"id":9909,"href":"https:\/\/dekkbi.com\/index.php?rest_route=\/wp\/v2\/posts\/9894\/revisions\/9909"}],"wp:featuredmedia":[{"embeddable":true,"href":"https:\/\/dekkbi.com\/index.php?rest_route=\/wp\/v2\/media\/8349"}],"wp:attachment":[{"href":"https:\/\/dekkbi.com\/index.php?rest_route=%2Fwp%2Fv2%2Fmedia&parent=9894"}],"wp:term":[{"taxonomy":"category","embeddable":true,"href":"https:\/\/dekkbi.com\/index.php?rest_route=%2Fwp%2Fv2%2Fcategories&post=9894"},{"taxonomy":"post_tag","embeddable":true,"href":"https:\/\/dekkbi.com\/index.php?rest_route=%2Fwp%2Fv2%2Ftags&post=9894"}],"curies":[{"name":"wp","href":"https:\/\/api.w.org\/{rel}","templated":true}]}}