{"id":9891,"date":"2023-04-07T10:40:10","date_gmt":"2023-04-07T10:40:10","guid":{"rendered":"https:\/\/dekkbi.com\/?p=9891"},"modified":"2023-04-07T10:40:11","modified_gmt":"2023-04-07T10:40:11","slug":"dr-mohamed-diallo-president-de-la-coalition-naataangue-nous-avons-le-devoir-de-continuer-a-croire-a-la-vision-du-chef-de-letat","status":"publish","type":"post","link":"https:\/\/dekkbi.com\/?p=9891","title":{"rendered":"Dr Mohamed Diallo, pr\u00e9sident de la Coalition Naataangu\u00e9 : Nous avons le devoir de continuer \u00e0 croire \u00e0 la vision du chef de l\u2019Etat\u00bb"},"content":{"rendered":"\n<p>Dr Mohamed Diallo,&nbsp;ministre-conseiller aupr\u00e8s du pr\u00e9sident de la R\u00e9publique, est-il en train d\u2019encourager son leader \u00e0 se pr\u00e9senter \u00e0 la Pr\u00e9sidentielle de 2024 ? Dans une d\u00e9claration, le pr\u00e9sident de la Coali\u00adtion Naataangu\u00e9 a estim\u00e9&nbsp;: \u00abNous avons le devoir de continuer \u00e0 croire \u00e0 la vision du chef de l\u2019Etat, Macky Sall, dans sa qu\u00eate \u00e0 int\u00e9grer le S\u00e9n\u00e9gal dans le cercle restreint des pays \u00e9mergents.\u00bb Dans son document, Dr Diallo a fait le bilan des r\u00e9alisations du Pr\u00e9sident Sall. Selon lui, gr\u00e2ce aux \u00abefforts incommensurables que le Pr\u00e9sident Macky Sall a d\u00e9ploy\u00e9s en faveur du monde rural, les paysans b\u00e9n\u00e9ficient d\u2019\u00e9quipements ruraux qui font que le paysan s\u00e9n\u00e9galais devient un agriculteur\u00bb. Dans le m\u00eame sillage, Dr Diallo affirme que \u00able Plan S\u00e9n\u00e9gal \u00e9mergent est devenu une institution \u00e0 forte valeur \u00e9conomique et industrielle pour relever le taux de croissance \u00e0 deux chiffres dans les prochaines d\u00e9cades\u00bb.<\/p>\n\n\n\n<p>Vantant les m\u00e9rites de son leader, Dr Diallo ajoute : \u00abLe Pr\u00e9sident Macky Sall a adoss\u00e9 sa politique \u00e9conomique et sociale pour r\u00e9pondre aux besoins sociaux fondamentaux et placer le S\u00e9n\u00e9gal dans une dynamique de d\u00e9veloppement et de croissance durable que sont l\u2019\u00e9conomie verte, avec l\u2019am\u00e9nagement des terres dans la vall\u00e9e et les autres contr\u00e9es pour des cultures intensives avec l\u2019apport d\u2019un mat\u00e9riel semi-industriel, l\u2019\u00e9conomie circulaire, avec l\u2019initiative des Nations unies Page (Par\u00adtenership for action on green economy), en partenariat avec les pays de la sous-r\u00e9gion comme le Burkina, le Ghana et l\u2019Afrique du Sud, l\u2019\u00e9conomie solidaire et sociale orient\u00e9e essentiellement vers des programmes d\u2019aide aux populations vuln\u00e9rables.\u00bb<\/p>\n\n\n\n<p>Autres r\u00e9alisations cit\u00e9es par le pr\u00e9sident de la Coalition Naataangu\u00e9 dans son document : \u00abLa nouvelle ville de Diamaniadio, les ports de Ndayane, de Sendou, l\u2019autoroute Dakar-Saint Louis, Dakar-Aibd, Dakar-Kaolack, les Vdn 2 et 3, les\u00a0a\u00e9roports de Diass, St-Louis, Matam, Ouroussogui, Ziguinchor et de Kolda.\u00bb<br>Au niveau continental, Dr Mohamed Diallo consid\u00e8re que \u00able Pr\u00e9sident Macky Sall est un avocat de l\u2019Afrique sur les questions de la paix, de la s\u00e9curit\u00e9, de la ma\u00eetrise de l\u2019\u00e9nergie, du climat, de l\u2019autosuffisance alimentaire\u00bb. Et d\u2019ajouter : \u00abOn ne peut pas occulter deux faits saillants, \u00e0 savoir le plaidoyer pour le continent africain lors du d\u00e9bat g\u00e9n\u00e9ral de la 77\u00e8me session de l\u2019As\u00adsembl\u00e9e g\u00e9n\u00e9rale des Nations unies, Macky Sall, pr\u00e9c\u00e9demment pr\u00e9sident en exercice de l\u2019Union africaine, avait appel\u00e9 \u00e0 des r\u00e9formes profondes relatives aux cercles d\u00e9cisionnels internationaux.\u00bb<\/p>\n\n\n\n<p><br><strong>Par Dieynaba KANE \u2013 dieynaba@lequotidien.sn<\/strong><\/p>\n\n\n\n<p><\/p>\n","protected":false},"excerpt":{"rendered":"<p>Dr Mohamed Diallo,&nbsp;ministre-conseiller aupr\u00e8s du pr\u00e9sident de la R\u00e9publique, est-il en train d\u2019encourager son leader \u00e0 se pr\u00e9senter \u00e0 la<\/p>\n","protected":false},"author":1,"featured_media":9892,"comment_status":"open","ping_status":"open","sticky":false,"template":"","format":"standard","meta":{"footnotes":""},"categories":[6],"tags":[],"class_list":["post-9891","post","type-post","status-publish","format-standard","has-post-thumbnail","hentry","category-politics"],"_links":{"self":[{"href":"https:\/\/dekkbi.com\/index.php?rest_route=\/wp\/v2\/posts\/9891","targetHints":{"allow":["GET"]}}],"collection":[{"href":"https:\/\/dekkbi.com\/index.php?rest_route=\/wp\/v2\/posts"}],"about":[{"href":"https:\/\/dekkbi.com\/index.php?rest_route=\/wp\/v2\/types\/post"}],"author":[{"embeddable":true,"href":"https:\/\/dekkbi.com\/index.php?rest_route=\/wp\/v2\/users\/1"}],"replies":[{"embeddable":true,"href":"https:\/\/dekkbi.com\/index.php?rest_route=%2Fwp%2Fv2%2Fcomments&post=9891"}],"version-history":[{"count":1,"href":"https:\/\/dekkbi.com\/index.php?rest_route=\/wp\/v2\/posts\/9891\/revisions"}],"predecessor-version":[{"id":9893,"href":"https:\/\/dekkbi.com\/index.php?rest_route=\/wp\/v2\/posts\/9891\/revisions\/9893"}],"wp:featuredmedia":[{"embeddable":true,"href":"https:\/\/dekkbi.com\/index.php?rest_route=\/wp\/v2\/media\/9892"}],"wp:attachment":[{"href":"https:\/\/dekkbi.com\/index.php?rest_route=%2Fwp%2Fv2%2Fmedia&parent=9891"}],"wp:term":[{"taxonomy":"category","embeddable":true,"href":"https:\/\/dekkbi.com\/index.php?rest_route=%2Fwp%2Fv2%2Fcategories&post=9891"},{"taxonomy":"post_tag","embeddable":true,"href":"https:\/\/dekkbi.com\/index.php?rest_route=%2Fwp%2Fv2%2Ftags&post=9891"}],"curies":[{"name":"wp","href":"https:\/\/api.w.org\/{rel}","templated":true}]}}