{"id":9886,"date":"2023-04-07T10:32:40","date_gmt":"2023-04-07T10:32:40","guid":{"rendered":"https:\/\/dekkbi.com\/?p=9886"},"modified":"2023-04-07T10:32:41","modified_gmt":"2023-04-07T10:32:41","slug":"rewmi-ayant-propose-sa-sortie-du-gouvernement-diatara-met-idy-dos-au-mur","status":"publish","type":"post","link":"https:\/\/dekkbi.com\/?p=9886","title":{"rendered":"Rewmi \u2013 Ayant propos\u00e9 sa sortie du gouvernement : Diatara met Idy dos au mur"},"content":{"rendered":"\n<p>Y<strong>ankhoba Diatara a mis dos au mur hier son leader, Idrissa Seck, qui l\u2019a limog\u00e9 de son poste de 1er vice-pr\u00e9sident de Rewmi. M. Diattara se dit pr\u00eat \u00e0 c\u00e9der son poste de ministre \u00e0 un autre membre de Rewmi.<\/strong><\/p>\n\n\n\n<p><strong>Par Amadou MBODJI&nbsp;<\/strong>&nbsp;\u2013 Apr\u00e8s avoir \u00e9t\u00e9 demis de son poste de 1er&nbsp;vice-pr\u00e9sident du parti Rewmi par Idrissa Seck, le leader dudit parti, le ministre des Sports, Yankhoba Diatara, a pris le contrepied de ceux qui pensaient qu\u2019il s\u2019\u00e9tait embrouill\u00e9 avec son chef politique en lui rendant visite hier chez lui au Point E. Une visite qui t\u00e9moigne qu\u2019il n\u2019y a aucune animosit\u00e9 entre le patron de Rewmi et Yankhoba Diatara, qui l\u2019a lui-m\u00eame confirm\u00e9 \u00e0 la sortie du domicile du pr\u00e9sident du Conseil \u00e9conomique, social et environnemental (Cese).&nbsp;\u00abIl n\u2019y a pas de brouille entre le pr\u00e9sident Idrissa Seck et moi. Moi, je suis un fils du pr\u00e9sident Idrissa Seck. Donc, il a estim\u00e9 que j\u2019avais commis une faute et il m\u2019a sanctionn\u00e9, et je l\u2019ai accept\u00e9. Parce que moi ce qui me pla\u00eet le plus chez le pr\u00e9sident Idrissa Seck et dans le Rewmi, c\u2019est d\u2019\u00eatre le militant de Idrissa Seck. Les positions de pouvoir n\u2019ont jamais \u00e9t\u00e9 une pr\u00e9occupation pour moi. Donc, c\u2019est en 1998 que j\u2019ai d\u00e9cid\u00e9 de m\u2019engager \u00e0 ses c\u00f4t\u00e9s et, depuis lors, c\u2019est la m\u00eame ferveur, le m\u00eame degr\u00e9 d\u2019engagement qui m\u2019animent\u00bb, a d\u2019embl\u00e9e d\u00e9clarer Yankhoba Diatara avec le sourire aux l\u00e8vres.<\/p>\n\n\n\n<p>Poursuivant, le ministre des Sports r\u00e9affirme son \u00abancrage\u00bb dans le Rewmi. \u00abJe renouvelle toute ma fid\u00e9lit\u00e9 au pr\u00e9sident Idrissa Seck, mon ancrage dans le Rewmi avec le pr\u00e9sident Idrissa, qui connait mes relations, c\u2019est une relation filiale. Et aujourd\u2019hui, il a pris la d\u00e9cision de nommer \u00e0 ma place Dr Abdoulaye Ndoye, qui est un grand-fr\u00e8re, un ami. Et je me rappelle, c\u2019est en 2005 que le pr\u00e9sident Idrissa Seck m\u2019a transmis un courrier venant de Saint-Louis, venant du Dr Abdoulaye Ndoye pour s\u2019engager \u00e0 ses c\u00f4t\u00e9s. Et depuis lors, on est ensemble aux c\u00f4t\u00e9s du pr\u00e9sident Idrissa Seck pour l\u2019accompagner. Il a toutes mes pri\u00e8res, tout mon soutien pour l\u2019accompagner dans sa nouvelle position\u00bb, rench\u00e9rit le ministre des Sports.<\/p>\n\n\n\n<p><strong>Pr\u00eat \u00e0 renoncer \u00e0 son poste de ministre des Sports<\/strong><br>Et Yankhoba Diatara de prendre la d\u00e9cision de \u00abd\u00e9missionner de son poste de ministre des Sports\u00bb, dit-il,&nbsp;\u00abpour \u00eatre en coh\u00e9rence avec la d\u00e9cision politique\u00bb, en la faisant savoir \u00e0 son mentor, Idrissa Seck. \u00abJe lui ai dit&nbsp;: \u00abc\u2019est \u00e7a la coh\u00e9rence\u00bb, qu\u2019il pouvait d\u00e9signer un autre responsable de Rewmi pour me remplacer au gouvernement. Il a bien re\u00e7u le message et&nbsp; il donnera suite \u00e0 cela\u00bb, confie M Diatara.<\/p>\n\n\n\n<p>Cette visite de Yankhoba Diatara \u00e0 Idrissa Seck \u00e9pouse les contours d\u2019une clarification suite \u00e0 la\u00a0sortie controvers\u00e9e n\u00e9e\u00a0de la sortie du ministre des Sports au sujet du probable troisi\u00e8me mandat de Macky Sall. Un sujet qui divise au sein du parti Rewmi, en coalition avec l\u2019Apr au sein de Bby. Idrissa Seck serait \u00abcontre\u00bb un nouveau quinquennat de Macky Sall. La sortie de Yankhoba Diatara, qui avait d\u00e9fendu cette possibilit\u00e9, aurait en effet d\u00e9plu \u00e0 Idrissa Seck.<\/p>\n\n\n\n<p><br><strong>ambodji@lequotidien.sn<\/strong><\/p>\n","protected":false},"excerpt":{"rendered":"<p>Yankhoba Diatara a mis dos au mur hier son leader, Idrissa Seck, qui l\u2019a limog\u00e9 de son poste de 1er<\/p>\n","protected":false},"author":1,"featured_media":9819,"comment_status":"open","ping_status":"open","sticky":false,"template":"","format":"standard","meta":{"footnotes":""},"categories":[6],"tags":[],"class_list":["post-9886","post","type-post","status-publish","format-standard","has-post-thumbnail","hentry","category-politics"],"_links":{"self":[{"href":"https:\/\/dekkbi.com\/index.php?rest_route=\/wp\/v2\/posts\/9886","targetHints":{"allow":["GET"]}}],"collection":[{"href":"https:\/\/dekkbi.com\/index.php?rest_route=\/wp\/v2\/posts"}],"about":[{"href":"https:\/\/dekkbi.com\/index.php?rest_route=\/wp\/v2\/types\/post"}],"author":[{"embeddable":true,"href":"https:\/\/dekkbi.com\/index.php?rest_route=\/wp\/v2\/users\/1"}],"replies":[{"embeddable":true,"href":"https:\/\/dekkbi.com\/index.php?rest_route=%2Fwp%2Fv2%2Fcomments&post=9886"}],"version-history":[{"count":1,"href":"https:\/\/dekkbi.com\/index.php?rest_route=\/wp\/v2\/posts\/9886\/revisions"}],"predecessor-version":[{"id":9887,"href":"https:\/\/dekkbi.com\/index.php?rest_route=\/wp\/v2\/posts\/9886\/revisions\/9887"}],"wp:featuredmedia":[{"embeddable":true,"href":"https:\/\/dekkbi.com\/index.php?rest_route=\/wp\/v2\/media\/9819"}],"wp:attachment":[{"href":"https:\/\/dekkbi.com\/index.php?rest_route=%2Fwp%2Fv2%2Fmedia&parent=9886"}],"wp:term":[{"taxonomy":"category","embeddable":true,"href":"https:\/\/dekkbi.com\/index.php?rest_route=%2Fwp%2Fv2%2Fcategories&post=9886"},{"taxonomy":"post_tag","embeddable":true,"href":"https:\/\/dekkbi.com\/index.php?rest_route=%2Fwp%2Fv2%2Ftags&post=9886"}],"curies":[{"name":"wp","href":"https:\/\/api.w.org\/{rel}","templated":true}]}}