{"id":9876,"date":"2023-04-07T10:03:08","date_gmt":"2023-04-07T10:03:08","guid":{"rendered":"https:\/\/dekkbi.com\/?p=9876"},"modified":"2023-04-07T10:03:09","modified_gmt":"2023-04-07T10:03:09","slug":"chef-detat-major-general-des-armees-mbaye-cisse-remplace-cheikh-wade-a-partir-du-10-avril-2023","status":"publish","type":"post","link":"https:\/\/dekkbi.com\/?p=9876","title":{"rendered":"Chef d\u2019Etat-Major G\u00e9n\u00e9ral des Arm\u00e9es: Mbaye Ciss\u00e9 remplace Cheikh Wade, \u00e0 partir du 10 avril 2023"},"content":{"rendered":"\n<p><strong>Le G\u00e9n\u00e9ral de Corps d\u2019Arm\u00e9e Mbaye CISSE, pr\u00e9c\u00e9demment Chef de l\u2019Etat-Major Particulier du Pr\u00e9sident de la R\u00e9publique, est nomm\u00e9 Chef d\u2019Etat-Major G\u00e9n\u00e9ral des Arm\u00e9es, en remplacement du G\u00e9n\u00e9ral d\u2019Arm\u00e9e Cheikh WADE.&nbsp;<\/strong><\/p>\n\n\n\n<p>COMMUNIQUE<\/p>\n\n\n\n<p><strong>A compter du 10 avril 2023,&nbsp;<\/strong><\/p>\n\n\n\n<p>1. Le G\u00e9n\u00e9ral de Corps d\u2019Arm\u00e9e Cheikh WADE, est \u00e9lev\u00e9 aux rang et appellation de G\u00e9n\u00e9ral d\u2019Arm\u00e9e ;<\/p>\n\n\n\n<p>2. Le G\u00e9n\u00e9ral de Division Mbaye CISSE, est \u00e9lev\u00e9 aux rang et appellation de G\u00e9n\u00e9ral de Corps d\u2019Arm\u00e9e ;<\/p>\n\n\n\n<p>3. Le G\u00e9n\u00e9ral de Corps d\u2019Arm\u00e9e Mbaye CISSE, pr\u00e9c\u00e9demment Chef de l\u2019Etat-Major Particulier du Pr\u00e9sident de la R\u00e9publique, est nomm\u00e9 Chef d\u2019Etat-Major G\u00e9n\u00e9ral des Arm\u00e9es, en remplacement du G\u00e9n\u00e9ral d\u2019Arm\u00e9e Cheikh WADE, appel\u00e9 \u00e0 d\u2019autres fonctions ;<\/p>\n\n\n\n<p>4. Le Contre-Amiral Oumar WADE, pr\u00e9c\u00e9demment Chef d\u2019Etat-major de la Marine nationale, promu au Grade de Vice-Amiral, est nomm\u00e9 Chef de l\u2019Etat-major Particulier du Pr\u00e9sident de la R\u00e9publique ;<\/p>\n\n\n\n<p>5. Le Contre-Amiral Abdou SENE, pr\u00e9c\u00e9demment Conseiller D\u00e9fense du Premier Ministre, est nomm\u00e9 Chef d\u2019Etat-major de la Marine nationale, en remplacement du Vice-Amiral Oumar WADE, appel\u00e9 \u00e0 d\u2019autres fonctions.<\/p>\n\n\n\n<p><strong>Fait \u00e0 Dakar, le 06 avril 2023&nbsp;<\/strong><\/p>\n\n\n\n<p><strong>Le Ministre, Secr\u00e9taire G\u00e9n\u00e9ral de la Pr\u00e9sidence de la R\u00e9publique&nbsp;<\/strong><\/p>\n\n\n\n<p><strong>Oumar Samba BA<\/strong><\/p>\n","protected":false},"excerpt":{"rendered":"<p>Le G\u00e9n\u00e9ral de Corps d\u2019Arm\u00e9e Mbaye CISSE, pr\u00e9c\u00e9demment Chef de l\u2019Etat-Major Particulier du Pr\u00e9sident de la R\u00e9publique, est nomm\u00e9 Chef<\/p>\n","protected":false},"author":1,"featured_media":9877,"comment_status":"open","ping_status":"open","sticky":false,"template":"","format":"standard","meta":{"footnotes":""},"categories":[21],"tags":[],"class_list":["post-9876","post","type-post","status-publish","format-standard","has-post-thumbnail","hentry","category-societe"],"_links":{"self":[{"href":"https:\/\/dekkbi.com\/index.php?rest_route=\/wp\/v2\/posts\/9876","targetHints":{"allow":["GET"]}}],"collection":[{"href":"https:\/\/dekkbi.com\/index.php?rest_route=\/wp\/v2\/posts"}],"about":[{"href":"https:\/\/dekkbi.com\/index.php?rest_route=\/wp\/v2\/types\/post"}],"author":[{"embeddable":true,"href":"https:\/\/dekkbi.com\/index.php?rest_route=\/wp\/v2\/users\/1"}],"replies":[{"embeddable":true,"href":"https:\/\/dekkbi.com\/index.php?rest_route=%2Fwp%2Fv2%2Fcomments&post=9876"}],"version-history":[{"count":1,"href":"https:\/\/dekkbi.com\/index.php?rest_route=\/wp\/v2\/posts\/9876\/revisions"}],"predecessor-version":[{"id":9878,"href":"https:\/\/dekkbi.com\/index.php?rest_route=\/wp\/v2\/posts\/9876\/revisions\/9878"}],"wp:featuredmedia":[{"embeddable":true,"href":"https:\/\/dekkbi.com\/index.php?rest_route=\/wp\/v2\/media\/9877"}],"wp:attachment":[{"href":"https:\/\/dekkbi.com\/index.php?rest_route=%2Fwp%2Fv2%2Fmedia&parent=9876"}],"wp:term":[{"taxonomy":"category","embeddable":true,"href":"https:\/\/dekkbi.com\/index.php?rest_route=%2Fwp%2Fv2%2Fcategories&post=9876"},{"taxonomy":"post_tag","embeddable":true,"href":"https:\/\/dekkbi.com\/index.php?rest_route=%2Fwp%2Fv2%2Ftags&post=9876"}],"curies":[{"name":"wp","href":"https:\/\/api.w.org\/{rel}","templated":true}]}}