{"id":9840,"date":"2023-04-06T16:00:47","date_gmt":"2023-04-06T16:00:47","guid":{"rendered":"https:\/\/dekkbi.com\/?p=9840"},"modified":"2023-04-06T16:00:48","modified_gmt":"2023-04-06T16:00:48","slug":"audit-et-certification-letat-veut-le-bilan-medical-des-structures-de-sante","status":"publish","type":"post","link":"https:\/\/dekkbi.com\/?p=9840","title":{"rendered":"Audit et certification: L\u2019\u00c9tat veut le bilan m\u00e9dical des structures de sant\u00e9"},"content":{"rendered":"\n<p><strong>Dans le cadre du contr\u00f4le des offres de soins, l\u2019Etat demande l\u2019audit et la certification des \u00e9tablissements de sant\u00e9 publics et priv\u00e9s. Ce qui n\u2019est pas anodin vu le contexte actuel.<\/strong><\/p>\n\n\n\n<p><strong>Par Justin GOMIS \u2013&nbsp;<\/strong>En investissant de l\u2019argent dans le secteur de la sant\u00e9, les citoyens ont le droit de devenir plus exigeants dans l\u2019offre des soins. En Conseil des ministres hier, le Pr\u00e9sident Sall a demand\u00e9 l\u2019\u00e9valuation des performances du secteur de la sant\u00e9 et l\u2019acc\u00e9l\u00e9ration des r\u00e9formes pour un syst\u00e8me de sant\u00e9 performant. Pour lui, la sant\u00e9 des populations est essentielle dans la promotion d\u2019un capital humain de qualit\u00e9, en rappelant \u00abla mise \u00e0 disposition exceptionnelle de ressources, \u00e9quipements et moyens logistiques ad\u00e9quats au secteur de la sant\u00e9, en vue de la r\u00e9alisation des infrastructures sanitaires de derni\u00e8re g\u00e9n\u00e9ration \u00e0 Dakar et dans les autres r\u00e9gions, du recrutement annuel d\u2019un nombre significatif de personnels m\u00e9dicaux et param\u00e9dicaux, de l\u2019am\u00e9lioration de la qualit\u00e9 des offres de soins et la motivation des agents de sant\u00e9\u00bb. A ses yeux, la performance doit \u00eatre de mise ainsi que l\u2019exigence de la redevabilit\u00e9. \u00abLe pr\u00e9sident de la R\u00e9publique a demand\u00e9 au ministre de la Sant\u00e9 et de l\u2019action sociale d\u2019intensifier, avec le concours des acteurs impliqu\u00e9s, les r\u00e9formes dans le secteur, afin d\u2019\u00e9largir et de consolider les importants investissements r\u00e9alis\u00e9s par l\u2019Etat pour am\u00e9liorer la sant\u00e9 des populations \u00e0 des co\u00fbts optimis\u00e9s\u00bb, demande Macky Sall, qui a rappel\u00e9 l\u2019urgence de la finalisation de l\u2019\u00e9valuation de la r\u00e9forme hospitali\u00e8re de 1998.<\/p>\n\n\n\n<p>Il y a aussi un autre volet de la gestion des centres hospitaliers qui fait jaser les citoyens&nbsp;: le co\u00fbt de la prise en charge. En Conseil des ministres, Macky Sall a mis aussi l\u2019accent sur \u00abl\u2019actualisation de la r\u00e9glementation sur les tarifs des consultations et analyses m\u00e9dicales dans les structures publiques et priv\u00e9es de sant\u00e9\u00bb. Sans oublier le processus de certification des \u00e9tablissements de sant\u00e9 publics et priv\u00e9s, \u00abentit\u00e9s qui doivent \u00eatre davantage audit\u00e9es et contr\u00f4l\u00e9es avec le renforcement des inspections techniques et financi\u00e8res r\u00e9guli\u00e8res du minist\u00e8re de la Sant\u00e9\u00bb. Ce qui para\u00eet essentiel dans un secteur lib\u00e9ralis\u00e9 et florissant, mais qui fait face \u00e0 une multitude d\u2019initiatives priv\u00e9es. D\u2019o\u00f9 l\u2019importance de \u00abveiller au suivi permanent du contr\u00f4le de l\u2019ouverture et du fonctionnement des \u00e9tablissements de formation aux m\u00e9tiers de la sant\u00e9\u00bb.<\/p>\n\n\n\n<p>Par ailleurs, le Pr\u00e9sident Sall est revenu sur le suivi permanent du secteur de la pharmacie et du m\u00e9dicament, au regard des investissements sans pr\u00e9c\u00e9dent port\u00e9s par l\u2019Etat et les transformations notables engag\u00e9es pour asseoir la souverainet\u00e9 pharmaceutique du S\u00e9n\u00e9gal. Pour Macky, il faut \u00abexaminer avec les acteurs, l\u2019efficacit\u00e9 de la carte sanitaire actuelle, au regard de l\u2019\u00e9volution de la population, de l\u2019accentuation de l\u2019urbanisation du pays, des besoins exprim\u00e9s dans les diff\u00e9rentes localit\u00e9s et des d\u00e9fis sanitaires li\u00e9s aux enseignements tir\u00e9s de la gestion de la pand\u00e9mie du Covid-19\u00bb.<br><strong>justin@lequotidien.sn<\/strong><\/p>\n","protected":false},"excerpt":{"rendered":"<p>Dans le cadre du contr\u00f4le des offres de soins, l\u2019Etat demande l\u2019audit et la certification des \u00e9tablissements de sant\u00e9 publics<\/p>\n","protected":false},"author":1,"featured_media":4728,"comment_status":"open","ping_status":"open","sticky":false,"template":"","format":"standard","meta":{"footnotes":""},"categories":[3],"tags":[],"class_list":["post-9840","post","type-post","status-publish","format-standard","has-post-thumbnail","hentry","category-event-more-news"],"_links":{"self":[{"href":"https:\/\/dekkbi.com\/index.php?rest_route=\/wp\/v2\/posts\/9840","targetHints":{"allow":["GET"]}}],"collection":[{"href":"https:\/\/dekkbi.com\/index.php?rest_route=\/wp\/v2\/posts"}],"about":[{"href":"https:\/\/dekkbi.com\/index.php?rest_route=\/wp\/v2\/types\/post"}],"author":[{"embeddable":true,"href":"https:\/\/dekkbi.com\/index.php?rest_route=\/wp\/v2\/users\/1"}],"replies":[{"embeddable":true,"href":"https:\/\/dekkbi.com\/index.php?rest_route=%2Fwp%2Fv2%2Fcomments&post=9840"}],"version-history":[{"count":1,"href":"https:\/\/dekkbi.com\/index.php?rest_route=\/wp\/v2\/posts\/9840\/revisions"}],"predecessor-version":[{"id":9841,"href":"https:\/\/dekkbi.com\/index.php?rest_route=\/wp\/v2\/posts\/9840\/revisions\/9841"}],"wp:featuredmedia":[{"embeddable":true,"href":"https:\/\/dekkbi.com\/index.php?rest_route=\/wp\/v2\/media\/4728"}],"wp:attachment":[{"href":"https:\/\/dekkbi.com\/index.php?rest_route=%2Fwp%2Fv2%2Fmedia&parent=9840"}],"wp:term":[{"taxonomy":"category","embeddable":true,"href":"https:\/\/dekkbi.com\/index.php?rest_route=%2Fwp%2Fv2%2Fcategories&post=9840"},{"taxonomy":"post_tag","embeddable":true,"href":"https:\/\/dekkbi.com\/index.php?rest_route=%2Fwp%2Fv2%2Ftags&post=9840"}],"curies":[{"name":"wp","href":"https:\/\/api.w.org\/{rel}","templated":true}]}}