{"id":9832,"date":"2023-04-06T14:38:27","date_gmt":"2023-04-06T14:38:27","guid":{"rendered":"https:\/\/dekkbi.com\/?p=9832"},"modified":"2023-04-06T14:38:28","modified_gmt":"2023-04-06T14:38:28","slug":"le-fc-barcelone-se-fait-detruire-apres-sa-deroute-historique-jose-mourinho-a-recu-une-offre-de-120-me","status":"publish","type":"post","link":"https:\/\/dekkbi.com\/?p=9832","title":{"rendered":"Le FC Barcelone se fait d\u00e9truire apr\u00e8s sa d\u00e9route historique, Jos\u00e9 Mourinho a re\u00e7u une offre de 120 M\u20ac"},"content":{"rendered":"\n<h3 class=\"wp-block-heading\">(Footmercato.net)- Le FC Barcelone prend cher apr\u00e8s sa terrible humiliation dans le Cl\u00e1sico, le Real Madrid lance son sprint final et Jos\u00e9 Mourinho a re\u00e7u une offre compl\u00e9tement dingue de l\u2019Arabie Saoudite, retrouvez dans votre revue de presse Foot Mercato les derni\u00e8res informations de la presse sportive europ\u00e9enne.<\/h3>\n\n\n\n<h3 class=\"wp-block-heading\">Benzema lance la fin de saison du Real<\/h3>\n\n\n\n<p>En Espagne, le Cl\u00e1sico entre le\u00a0FC Barcelone\u00a0et le\u00a0Real Madrid\u00a0a encore tenu toutes ses promesses avec un match grandiose de la part des Merengues ! Et oui,\u00a0les Madril\u00e8nes ont surclass\u00e9 leur \u00e9ternel ennemi avec un cinglant 4-0\u00a0!\u00a0<em>Marca<\/em>\u00a0se r\u00e9gale se matin et placarde : \u00ab<em>quelle danse !<\/em>\u00bb leur ont inflig\u00e9 les hommes d\u2019Ancelotti. \u00ab<em>Madrid atteint la finale apr\u00e8s une superbe victoire sur Barcelone. Un tripl\u00e9 du Benzema des grandes occasions. Les Merengues joueront leur 40e finale contre Osasuna le 6 mai \u00e0 S\u00e9ville.<\/em>\u00bb On rappelle que le Bar\u00e7a s\u2019\u00e9tait impos\u00e9 1-0 \u00e0 l\u2019aller et que le Real devait faire le n\u00e9cessaire pour se qualifier et le moins que l\u2019on puisse dire, c\u2019est qu\u2019ils l\u2019ont fait avec la mani\u00e8re ! Pour\u00a0<em>AS<\/em>, cette \u00e9quipe madril\u00e8ne \u00e9tait \u00ab<em>totalement au-dessus<\/em>\u00bb, c\u2019est donc tout \u00e0 fait logiquement qu\u2019elle file \u00ab<em>en finale<\/em>\u00bb ! Evidemment, il faut \u00e9voquer la prestation exceptionnelle de\u00a0Karim Benzema, auteur d\u2019un tripl\u00e9 et d\u2019une passe d\u00e9cisive. Autant dire que le Nueve est de retour \u00e0 son meilleur niveau au meilleur moment de la saison. Pour\u00a0<em>L\u2019\u00c9quipe<\/em>, dans ses pages int\u00e9rieures : \u00ab<em>Benzema a pli\u00e9 le Bar\u00e7a. Auteur d\u2019un nouveau tripl\u00e9 et d\u2019une passe d\u00e9cisive, l\u2019attaquant fran\u00e7ais a port\u00e9 le Real Madrid.<\/em>\u00bb C\u2019est d\u00e9sormais toute l\u2019Europe qui tremble de voir un Real Madrid \u00e0 ce niveau.<\/p>\n\n\n\n<h3 class=\"wp-block-heading\">La terrible d\u00e9sillusion du Bar\u00e7a<\/h3>\n\n\n\n<p>Forc\u00e9ment, en Catalogne, la pilule est dure \u00e0 avaler ce matin. C\u2019est presque un jour de deuil comme le met en avant&nbsp;<em>Sport<\/em>&nbsp;sur sa Une couvert de noire ce matin. \u00ab<em>Un KO douloureux. Le Bar\u00e7a a fait ses adieux \u00e0 la Copa del Rey et au tripl\u00e9 en s\u2019inclinant lourdement au Camp Nou. Les Blaugranas auraient pu l\u2019emporter en premi\u00e8re mi-temps, mais des erreurs d\u00e9fensives ont donn\u00e9 l\u2019avantage aux Madril\u00e8nes<\/em>\u00bb, juge le quotidien. Pour&nbsp;<em>Mundo Deportivo<\/em>, ce sont des \u00ab<em>adieux difficiles<\/em>\u00bb ! \u00ab<em>L\u2019\u00e9quipe de Xavi s\u2019est effondr\u00e9e apr\u00e8s le premier but et Benzema l\u2019a achev\u00e9e avec un tripl\u00e9<\/em>\u00bb, regrette l\u2019autre journal catalan. Alors que pour&nbsp;<em>L\u2019Esportiu<\/em>, il faut des \u00ab<em>changements<\/em>\u00bb afin que ce genre d\u2019humiliation ne se reproduisent pas. Bref, le Bar\u00e7a vit tr\u00e8s mal cette claque et cela pourrait laisser des traces pour la fin de saison.<\/p>\n","protected":false},"excerpt":{"rendered":"<p>(Footmercato.net)- Le FC Barcelone prend cher apr\u00e8s sa terrible humiliation dans le Cl\u00e1sico, le Real Madrid lance son sprint final<\/p>\n","protected":false},"author":1,"featured_media":9833,"comment_status":"open","ping_status":"open","sticky":false,"template":"","format":"standard","meta":{"footnotes":""},"categories":[9],"tags":[],"class_list":["post-9832","post","type-post","status-publish","format-standard","has-post-thumbnail","hentry","category-sports"],"_links":{"self":[{"href":"https:\/\/dekkbi.com\/index.php?rest_route=\/wp\/v2\/posts\/9832","targetHints":{"allow":["GET"]}}],"collection":[{"href":"https:\/\/dekkbi.com\/index.php?rest_route=\/wp\/v2\/posts"}],"about":[{"href":"https:\/\/dekkbi.com\/index.php?rest_route=\/wp\/v2\/types\/post"}],"author":[{"embeddable":true,"href":"https:\/\/dekkbi.com\/index.php?rest_route=\/wp\/v2\/users\/1"}],"replies":[{"embeddable":true,"href":"https:\/\/dekkbi.com\/index.php?rest_route=%2Fwp%2Fv2%2Fcomments&post=9832"}],"version-history":[{"count":1,"href":"https:\/\/dekkbi.com\/index.php?rest_route=\/wp\/v2\/posts\/9832\/revisions"}],"predecessor-version":[{"id":9834,"href":"https:\/\/dekkbi.com\/index.php?rest_route=\/wp\/v2\/posts\/9832\/revisions\/9834"}],"wp:featuredmedia":[{"embeddable":true,"href":"https:\/\/dekkbi.com\/index.php?rest_route=\/wp\/v2\/media\/9833"}],"wp:attachment":[{"href":"https:\/\/dekkbi.com\/index.php?rest_route=%2Fwp%2Fv2%2Fmedia&parent=9832"}],"wp:term":[{"taxonomy":"category","embeddable":true,"href":"https:\/\/dekkbi.com\/index.php?rest_route=%2Fwp%2Fv2%2Fcategories&post=9832"},{"taxonomy":"post_tag","embeddable":true,"href":"https:\/\/dekkbi.com\/index.php?rest_route=%2Fwp%2Fv2%2Ftags&post=9832"}],"curies":[{"name":"wp","href":"https:\/\/api.w.org\/{rel}","templated":true}]}}