{"id":9808,"date":"2023-04-06T13:15:54","date_gmt":"2023-04-06T13:15:54","guid":{"rendered":"https:\/\/dekkbi.com\/?p=9808"},"modified":"2023-04-06T13:15:55","modified_gmt":"2023-04-06T13:15:55","slug":"kaolack-ahmed-youssouf-benjelloun-plaide-pour-davantage-de-moyens-aux-conseils-departementaux","status":"publish","type":"post","link":"https:\/\/dekkbi.com\/?p=9808","title":{"rendered":"Kaolack : Ahmed Youssouf Benjelloun plaide pour davantage de moyens aux Conseils d\u00e9partementaux"},"content":{"rendered":"\n<p>Kaolack, 6 avr (APS)&nbsp;\u2013 Le pr\u00e9sident de l\u2019Association des d\u00e9partements du S\u00e9n\u00e9gal (ADS),&nbsp;Ahmed Youssouf Benjelloun, d\u00e9put\u00e9 \u00e0 l\u2019Assembl\u00e9e nationale, a plaid\u00e9 mercredi pour davantage de moyens aux Conseils d\u00e9partementaux leur permettre de mener \u00e0 bien leur politique de d\u00e9veloppement au profit des collectivit\u00e9s territoriales.<\/p>\n\n\n\n<p>\u2018\u2019Notre probl\u00e8me majeur au niveau des collectivit\u00e9s territoriales, c\u2019est le manque de moyens, raison pour laquelle nous demandons au pr\u00e9sident de la R\u00e9publique, champion de la d\u00e9centralisation, de renforcer les mises \u00e0 notre disposition notamment les fonds de concours\u2019\u2019, a-t-il notamment lanc\u00e9.<\/p>\n\n\n\n<p>Egalement pr\u00e9sident du Conseil d\u00e9partemental de Kaolack (centre), M. Benjelloun s\u2019exprimait lors d\u2019un \u2018\u2019Ndogou de presse\u2019\u2019 qu\u2019il a organis\u00e9 dans les locaux de l\u2019institution qu\u2019il dirige.<\/p>\n\n\n\n<p>La rencontre avec les journalistes avait pour but de faire le bilan des r\u00e9alisations apr\u00e8s une ann\u00e9e d\u2019exercice depuis l\u2019installation du Conseil d\u00e9partemental, le 11 mars 2022, et les perspectives pour 2023.<\/p>\n\n\n\n<p>\u2018\u2019Monsieur le pr\u00e9sident de la R\u00e9publique, nous voyons tout ce que vous \u00eates en train de faire pour la d\u00e9centralisation, chaque ann\u00e9e vous augmentez les fonds de cinq milliards de francs CFA. Mais nous vous demandons de faire davantage\u2019\u2019, a-t-il insist\u00e9.<\/p>\n\n\n\n<p>Selon lui, les collectivit\u00e9s territoriales, particuli\u00e8rement les Conseils d\u00e9partementaux, ont de \u2018\u2019r\u00e9els probl\u00e8mes de fonctionnement\u2019\u2019, alors que la pass\u00e9e, on leur a demand\u00e9 de prendre en charge l\u2019augmentation de salaires de leurs personnels.<\/p>\n\n\n\n<p>\u2018\u2019Ca ne sera pas facile et nous comptons sur la collaboration du gouvernement pour prendre en charge ces difficult\u00e9s-l\u00e0. Entre autres solutions, il a \u00e9t\u00e9 pr\u00e9conis\u00e9 la mise en place d\u2019une fiscalit\u00e9 locale pour les d\u00e9partements, l\u2019\u00e9largissement de la d\u00e9centralisation du BCI (Budget consolid\u00e9 d\u2019investissement) aux autres domaines de comp\u00e9tence au profit des d\u00e9partements\u2019\u2019, a dit Benjelloun.<\/p>\n\n\n\n<p>Le pr\u00e9sident de l\u2019ADS rapporte que les d\u00e9partements demandent \u00e0 ce que l\u2019appui qui est fait au profit des communes notamment la mise en place de programmes comme le programme d&rsquo;appui aux communes et agglom\u00e9rations du S\u00e9n\u00e9gal (PACASEN) et autres puissent \u00e9galement b\u00e9n\u00e9ficier aux d\u00e9partements.<\/p>\n\n\n\n<p>Evoquant le th\u00e8me du soixante-troisi\u00e8me anniversaire de l\u2019accession du S\u00e9n\u00e9gal \u00e0 la souverainet\u00e9 internationale, \u2018\u2019Forces de d\u00e9fense et de s\u00e9curit\u00e9 et pr\u00e9servation des ressources naturelles\u2019\u2019, le parlementaire a rappel\u00e9 une disposition de la Constitution du pays qui stipule que \u2018\u2019les ressources naturelles appartiennent exclusivement \u00e0 toutes les s\u00e9n\u00e9galaises et \u00e0 tous les s\u00e9n\u00e9galais\u2019\u2019.<\/p>\n\n\n\n<p>\u2018\u2019Leur pr\u00e9servation rel\u00e8ve de nous tous qui avons un r\u00f4le \u00e0 y jouer. Et selon moi, la pr\u00e9servation de ces ressources naturelles passe n\u00e9cessairement par la pr\u00e9servation et la consolidation de la paix qui caract\u00e9rise la S\u00e9n\u00e9gal\u2019\u2019, a fait valoir M. Benjelloun.<\/p>\n\n\n\n<p>\u2018\u2019Je profite de cette occasion pour lancer un appel solennel \u00e0 toutes les s\u00e9n\u00e9galaises et \u00e0 tous les s\u00e9n\u00e9galais notamment les jeunes en leur disant que pour pr\u00e9server cette paix, il leur faut refuser de suivre toutes les personnes qui leur demandent de saper la tranquillit\u00e9 et la stabilit\u00e9 qui caract\u00e9risent le S\u00e9n\u00e9gal\u2019\u2019, a-t-il lanc\u00e9.<\/p>\n","protected":false},"excerpt":{"rendered":"<p>Kaolack, 6 avr (APS)&nbsp;\u2013 Le pr\u00e9sident de l\u2019Association des d\u00e9partements du S\u00e9n\u00e9gal (ADS),&nbsp;Ahmed Youssouf Benjelloun, d\u00e9put\u00e9 \u00e0 l\u2019Assembl\u00e9e nationale, a<\/p>\n","protected":false},"author":1,"featured_media":9809,"comment_status":"open","ping_status":"open","sticky":false,"template":"","format":"standard","meta":{"footnotes":""},"categories":[6],"tags":[],"class_list":["post-9808","post","type-post","status-publish","format-standard","has-post-thumbnail","hentry","category-politics"],"_links":{"self":[{"href":"https:\/\/dekkbi.com\/index.php?rest_route=\/wp\/v2\/posts\/9808","targetHints":{"allow":["GET"]}}],"collection":[{"href":"https:\/\/dekkbi.com\/index.php?rest_route=\/wp\/v2\/posts"}],"about":[{"href":"https:\/\/dekkbi.com\/index.php?rest_route=\/wp\/v2\/types\/post"}],"author":[{"embeddable":true,"href":"https:\/\/dekkbi.com\/index.php?rest_route=\/wp\/v2\/users\/1"}],"replies":[{"embeddable":true,"href":"https:\/\/dekkbi.com\/index.php?rest_route=%2Fwp%2Fv2%2Fcomments&post=9808"}],"version-history":[{"count":1,"href":"https:\/\/dekkbi.com\/index.php?rest_route=\/wp\/v2\/posts\/9808\/revisions"}],"predecessor-version":[{"id":9810,"href":"https:\/\/dekkbi.com\/index.php?rest_route=\/wp\/v2\/posts\/9808\/revisions\/9810"}],"wp:featuredmedia":[{"embeddable":true,"href":"https:\/\/dekkbi.com\/index.php?rest_route=\/wp\/v2\/media\/9809"}],"wp:attachment":[{"href":"https:\/\/dekkbi.com\/index.php?rest_route=%2Fwp%2Fv2%2Fmedia&parent=9808"}],"wp:term":[{"taxonomy":"category","embeddable":true,"href":"https:\/\/dekkbi.com\/index.php?rest_route=%2Fwp%2Fv2%2Fcategories&post=9808"},{"taxonomy":"post_tag","embeddable":true,"href":"https:\/\/dekkbi.com\/index.php?rest_route=%2Fwp%2Fv2%2Ftags&post=9808"}],"curies":[{"name":"wp","href":"https:\/\/api.w.org\/{rel}","templated":true}]}}