{"id":9804,"date":"2023-04-06T10:09:35","date_gmt":"2023-04-06T10:09:35","guid":{"rendered":"https:\/\/dekkbi.com\/?p=9804"},"modified":"2023-04-06T10:09:36","modified_gmt":"2023-04-06T10:09:36","slug":"climat-socio-politique-uj-cemac-exhorte-a-maintenir-les-acquis-democratiques-et-la-stabilite","status":"publish","type":"post","link":"https:\/\/dekkbi.com\/?p=9804","title":{"rendered":"Climat socio-politique: UJ CEMAC exhorte \u00e0 maintenir les acquis d\u00e9mocratiques et la stabilit\u00e9"},"content":{"rendered":"\n<p>Les organisations internationales de la diaspora africaine en Europe, du groupe agir Europe Afrique, de l&rsquo;Union des Jeunesses de la communaut\u00e9 mon\u00e9taire de l&rsquo;Afrique centrale ( Uj CEMAC) ont \u00e9chang\u00e9 ce mercredi, sur les acquis d\u00e9mocratique et la stabilit\u00e9. Lesdites organisations dans cette mission de sensibilisation ont lanc\u00e9 un appel aux acteurs concern\u00e9s \u00e0 rabaisser le climat socio-politique.<\/p>\n\n\n\n<figure class=\"wp-block-embed is-type-rich is-provider-prise-en-charge-des-contenus-embarques wp-block-embed-prise-en-charge-des-contenus-embarques wp-embed-aspect-16-9 wp-has-aspect-ratio\"><div class=\"wp-block-embed__wrapper\">\n<iframe loading=\"lazy\" title=\"Climat socio-politique: Uj CEMAC exhorte \u00e0 maintenir les acquis d\u00e9mocratiques et la stabilit\u00e9\" width=\"800\" height=\"450\" src=\"https:\/\/www.youtube.com\/embed\/1qN_yZS5lSM?feature=oembed\" frameborder=\"0\" allow=\"accelerometer; autoplay; clipboard-write; encrypted-media; gyroscope; picture-in-picture; web-share\" allowfullscreen><\/iframe>\n<\/div><\/figure>\n","protected":false},"excerpt":{"rendered":"<p>Les organisations internationales de la diaspora africaine en Europe, du groupe agir Europe Afrique, de l&rsquo;Union des Jeunesses de la<\/p>\n","protected":false},"author":1,"featured_media":9806,"comment_status":"open","ping_status":"open","sticky":false,"template":"","format":"standard","meta":{"footnotes":""},"categories":[6],"tags":[],"class_list":["post-9804","post","type-post","status-publish","format-standard","has-post-thumbnail","hentry","category-politics"],"_links":{"self":[{"href":"https:\/\/dekkbi.com\/index.php?rest_route=\/wp\/v2\/posts\/9804","targetHints":{"allow":["GET"]}}],"collection":[{"href":"https:\/\/dekkbi.com\/index.php?rest_route=\/wp\/v2\/posts"}],"about":[{"href":"https:\/\/dekkbi.com\/index.php?rest_route=\/wp\/v2\/types\/post"}],"author":[{"embeddable":true,"href":"https:\/\/dekkbi.com\/index.php?rest_route=\/wp\/v2\/users\/1"}],"replies":[{"embeddable":true,"href":"https:\/\/dekkbi.com\/index.php?rest_route=%2Fwp%2Fv2%2Fcomments&post=9804"}],"version-history":[{"count":1,"href":"https:\/\/dekkbi.com\/index.php?rest_route=\/wp\/v2\/posts\/9804\/revisions"}],"predecessor-version":[{"id":9807,"href":"https:\/\/dekkbi.com\/index.php?rest_route=\/wp\/v2\/posts\/9804\/revisions\/9807"}],"wp:featuredmedia":[{"embeddable":true,"href":"https:\/\/dekkbi.com\/index.php?rest_route=\/wp\/v2\/media\/9806"}],"wp:attachment":[{"href":"https:\/\/dekkbi.com\/index.php?rest_route=%2Fwp%2Fv2%2Fmedia&parent=9804"}],"wp:term":[{"taxonomy":"category","embeddable":true,"href":"https:\/\/dekkbi.com\/index.php?rest_route=%2Fwp%2Fv2%2Fcategories&post=9804"},{"taxonomy":"post_tag","embeddable":true,"href":"https:\/\/dekkbi.com\/index.php?rest_route=%2Fwp%2Fv2%2Ftags&post=9804"}],"curies":[{"name":"wp","href":"https:\/\/api.w.org\/{rel}","templated":true}]}}