{"id":9706,"date":"2023-04-03T12:58:13","date_gmt":"2023-04-03T12:58:13","guid":{"rendered":"https:\/\/dekkbi.com\/?p=9706"},"modified":"2023-04-03T13:53:51","modified_gmt":"2023-04-03T13:53:51","slug":"relations-ministere-des-sports-fede-basket-du-sable-sur-le-parquet","status":"publish","type":"post","link":"https:\/\/dekkbi.com\/?p=9706","title":{"rendered":"Relations Minist\u00e8re des Sports \u2013 F\u00e9d\u00e9 Basket : Du sable sur le parquet"},"content":{"rendered":"\n<p><strong>Le basket s\u00e9n\u00e9galais tient son Ag \u00e9lective le 6 mai prochain. A l\u2019approche de ces importantes assises, une brouille est sortie du panier, entre le pr\u00e9sident sortant, Me Babacar Ndiaye, et le ministre des Sports. A l\u2019origine&nbsp;: la nomination par Yankhoba Diatara d\u2019un nouveau Secr\u00e9taire g\u00e9n\u00e9ral de l\u2019instance f\u00e9d\u00e9rale\u2026 sans concertation.<\/strong><\/p>\n\n\n\n<p><strong>Par Hyacinthe DIANDY \u2013<\/strong>&nbsp;L\u2019approche des Assembl\u00e9es g\u00e9n\u00e9rales de renouvellements au niveau des F\u00e9d\u00e9rations sportives est toujours rythm\u00e9e par des man\u0153uvres venant soit de la tutelle, soit des candidats en lice. Et justement, le basket, qui tient son Ag \u00e9lective le 6 mai prochain, ne fait pas exception.<\/p>\n\n\n\n<p>Justement, les premi\u00e8res man\u0153uvres viennent de la tutelle qui vient de nommer un nouveau Secr\u00e9taire g\u00e9n\u00e9ral de la F\u00e9d\u00e9ration s\u00e9n\u00e9galaise de basket-ball (Fsbb). Une d\u00e9cision qui est tomb\u00e9e le 28 mars dernier par le biais d\u2019un arr\u00eat\u00e9 minist\u00e9riel nommant au poste Monsieur Adama Sarr, un juriste de formation et qui \u00e9tait en service \u00e0 la Cellule juridique du minist\u00e8re.<\/p>\n\n\n\n<p>Sur la forme, une telle d\u00e9cision est salutaire si on sait que depuis trois ans le poste de Secr\u00e9taire g\u00e9n\u00e9ral de la Fsbb n\u2019avait pas de titulaire. C\u2019est le Sg adjoint, Ibrahima Niang, qui assurait l\u2019int\u00e9rim.<\/p>\n\n\n\n<p><strong>Diatara zappe le choix de la F\u00e9d\u00e9 et nomme \u00abson\u00bb Sg<\/strong><br>Mais c\u2019est sur le fond que cette nomination fait grincer des dents \u00e0 la Fsbb. En effet, Yankhoba Diatara a fait nommer un agent de son minist\u00e8re sans concertation avec les F\u00e9d\u00e9raux. Pire, la proposition du pr\u00e9sident de la Fsbb de promouvoir l\u2019int\u00e9rimaire, Ibra\u00adhima Niang, au poste de titulaire, ayant \u00e9t\u00e9 totalement ignor\u00e9e par le ministre qui a pris \u00aben solo\u00bb la d\u00e9cision de nommer M. Sarr sans s\u2019en r\u00e9f\u00e9rer au patron de la \u00abballe orange\u00bb.<\/p>\n\n\n\n<p>Une d\u00e9marche assez curieuse et contraire au r\u00e8glement int\u00e9rieur de l\u2019instance f\u00e9d\u00e9rale. Qui dit en son article 33&nbsp;: \u00abLe Secr\u00e9taire g\u00e9n\u00e9ral est nomm\u00e9 par le ministre des Sports sur proposition du pr\u00e9sident de la Fsbb. Il est r\u00e9vocable de la m\u00eame fa\u00e7on\u2026\u00bb<\/p>\n\n\n\n<p><strong>Adama Sarr, comme un cheveu dans la soupe&nbsp;!<\/strong><br>Evidemment, une grogne \u00absourdine\u00bb n\u2019a pas tard\u00e9 \u00e0 retentir du c\u00f4t\u00e9 des locaux du Stadium Marius Ndiaye qui servent de si\u00e8ge f\u00e9d\u00e9ral. Avec des questions qui ont fini de faire le tour du panier&nbsp;: Que mijote la tutelle&nbsp;? Que cherche Diatara en voulant imposer un Sg, inconnu au bataillon, \u00e0 la veille d\u2019une Ag \u00e9lective ? Avec le risque de voir Adama Sarr \u00eatre consid\u00e9r\u00e9 comme un \u00abintrus\u00bb au sein du Bureau f\u00e9d\u00e9ral, com\u00adme un cheveu dans la soupe.<\/p>\n\n\n\n<p>On comprend du coup pourquoi cet acte pos\u00e9 par la tutelle est loin de rassurer les F\u00e9\u00add\u00e9raux et surtout le pr\u00e9sident sortant, Me Babacar Ndiaye, qui doit surveiller ses arri\u00e8res.<\/p>\n\n\n\n<p>Il faut dire que la d\u00e9marche du ministre des Sports de ne pas se concerter avec la Fsbb est d\u2019autant plus inexplicable qu\u2019une telle pratique est pass\u00e9e de mode. En effet, m\u00eame si le dernier mot revient \u00e0 la tutelle, la tendance maintenant est de favoriser la concertation afin de trouver un consensus pour un bon travail d\u2019\u00e9quipe. Comme cela se fait chez les coopt\u00e9s qui, avant d\u2019\u00eatre choisis par le minist\u00e8re, sont d\u2019abord propos\u00e9s par les f\u00e9d\u00e9rations.<\/p>\n\n\n\n<p>Suffisant pour expliquer cette grogne chez les F\u00e9d\u00e9raux qui ont re\u00e7u un \u00abdunk\u00bb en pleine figure&nbsp;!<\/p>\n\n\n\n<p><strong>Cl\u00f4ture des candidatures : Deadline ce 5 avril&nbsp;!<\/strong><\/p>\n\n\n\n<p>L\u2019Ag \u00e9lective de la Fsbb est cal\u00e9e pour le 6 mai prochain. Des assises avec comme enjeu majeur le poste de pr\u00e9sident de l\u2019instance f\u00e9d\u00e9rale. Jus\u00adtement, concernant les candidatures \u00e0 ce poste, le deadline, c\u2019est ce 5 avril. Du coup, il reste seulement trois petits jours aux \u00e9ventuels postulants.<\/p>\n\n\n\n<p>Pour le poste de pr\u00e9sident qui nous int\u00e9resse, pour le moment seul Me Babacar Ndiaye a officiellement d\u00e9pos\u00e9 sa candidature pour un 3e mandat. Le pr\u00e9sident sortant m\u00e8ne d\u2019ailleurs sa campagne en faisant le tour des r\u00e9gions. Qu\u2019en est-il des autres&nbsp;?<\/p>\n\n\n\n<p>Du c\u00f4t\u00e9 de la Crbs (Conver\u00adgence pour le renouveau du basket s\u00e9n\u00e9galais), qui conteste toujours la candidature de Me Ndiaye, elle annonce, dans son dernier communiqu\u00e9, qu\u2019elle pr\u00e9sentera \u00abun candidat pour la pr\u00e9sidence et des candidats pour le Bureau et le Comit\u00e9 directeur\u00bb. Tout en continuant d\u2019exiger \u00abune tenue correcte de l\u2019Assembl\u00e9e g\u00e9n\u00e9rale\u00bb, la Crbs dit s\u2019attendre au \u00ablancement d\u2019un nouveau processus pour des \u00e9lections libres, transparentes et d\u00e9mocratiques, pilot\u00e9es par un Comit\u00e9 ad hoc neutre\u00bb.<\/p>\n\n\n\n<p>Pour l\u2019autre structure, l\u2019Union des anciens basketteuses et basketteurs du S\u00e9n\u00e9gal, qui a vu le jour r\u00e9cemment, et qui dit \u00eatre contre un 3e mandat de Me Ndiaye, c\u2019est myst\u00e8re et boule de gomme concernant une \u00e9ventuelle candidature pr\u00e9sidentielle.<\/p>\n\n\n\n<p><br><strong>hdiandy@lequotidien.sn<\/strong><\/p>\n","protected":false},"excerpt":{"rendered":"<p>Le basket s\u00e9n\u00e9galais tient son Ag \u00e9lective le 6 mai prochain. A l\u2019approche de ces importantes assises, une brouille est<\/p>\n","protected":false},"author":1,"featured_media":9707,"comment_status":"open","ping_status":"open","sticky":false,"template":"","format":"standard","meta":{"footnotes":""},"categories":[6],"tags":[],"class_list":["post-9706","post","type-post","status-publish","format-standard","has-post-thumbnail","hentry","category-politics"],"_links":{"self":[{"href":"https:\/\/dekkbi.com\/index.php?rest_route=\/wp\/v2\/posts\/9706","targetHints":{"allow":["GET"]}}],"collection":[{"href":"https:\/\/dekkbi.com\/index.php?rest_route=\/wp\/v2\/posts"}],"about":[{"href":"https:\/\/dekkbi.com\/index.php?rest_route=\/wp\/v2\/types\/post"}],"author":[{"embeddable":true,"href":"https:\/\/dekkbi.com\/index.php?rest_route=\/wp\/v2\/users\/1"}],"replies":[{"embeddable":true,"href":"https:\/\/dekkbi.com\/index.php?rest_route=%2Fwp%2Fv2%2Fcomments&post=9706"}],"version-history":[{"count":1,"href":"https:\/\/dekkbi.com\/index.php?rest_route=\/wp\/v2\/posts\/9706\/revisions"}],"predecessor-version":[{"id":9708,"href":"https:\/\/dekkbi.com\/index.php?rest_route=\/wp\/v2\/posts\/9706\/revisions\/9708"}],"wp:featuredmedia":[{"embeddable":true,"href":"https:\/\/dekkbi.com\/index.php?rest_route=\/wp\/v2\/media\/9707"}],"wp:attachment":[{"href":"https:\/\/dekkbi.com\/index.php?rest_route=%2Fwp%2Fv2%2Fmedia&parent=9706"}],"wp:term":[{"taxonomy":"category","embeddable":true,"href":"https:\/\/dekkbi.com\/index.php?rest_route=%2Fwp%2Fv2%2Fcategories&post=9706"},{"taxonomy":"post_tag","embeddable":true,"href":"https:\/\/dekkbi.com\/index.php?rest_route=%2Fwp%2Fv2%2Ftags&post=9706"}],"curies":[{"name":"wp","href":"https:\/\/api.w.org\/{rel}","templated":true}]}}