{"id":9659,"date":"2023-04-03T09:50:27","date_gmt":"2023-04-03T09:50:27","guid":{"rendered":"https:\/\/dekkbi.com\/?p=9659"},"modified":"2023-04-03T09:50:28","modified_gmt":"2023-04-03T09:50:28","slug":"an-63-de-lindependance-pari-sur-la-souverainete-militaire","status":"publish","type":"post","link":"https:\/\/dekkbi.com\/?p=9659","title":{"rendered":"An 63 de l\u2019ind\u00e9pendance : Pari sur la souverainet\u00e9 militaire"},"content":{"rendered":"\n<p>Le S\u00e9n\u00e9gal va c\u00e9l\u00e9brer, demain, le 63\u00e8me anniversaire de son accession \u00e0 la souverainet\u00e9 internationale. Le chef de l\u2019Etat, Macky Sall, a envoy\u00e9 une invitation \u00e0 la Coalition Yewwi askan wi, via le ministre de l\u2019Int\u00e9rieur, pour assister aux c\u00e9l\u00e9brations de la F\u00eate de l\u2019ind\u00e9pendance. La Conf\u00e9rence des leaders de Yaw, qui a d\u00e9cid\u00e9 de reporter \u00e0 une date ult\u00e9rieure sa manifestation pr\u00e9vue initialement aujourd\u2019hui, a d\u00e9clin\u00e9 l\u2019invitation. Le motif qui a \u00e9t\u00e9 avanc\u00e9 dans son communiqu\u00e9 est celui-ci\u00a0: \u00abLe chef de l\u2019Etat n\u2019a encore pos\u00e9 aucun acte significatif pour l\u2019apaisement de la tension politique et sociale que vit le S\u00e9n\u00e9gal\u2026\u00bb<\/p>\n\n\n\n<p>Ce refus n\u2019a pas emp\u00each\u00e9 les camarades de Ousmane Sonko et de Habib Sy de rendre pr\u00e9alablement \u00abhommage \u00e0 l\u2019Arm\u00e9e nationale, ma\u00eetresse d\u2019\u0153uvre de la c\u00e9r\u00e9monie\u00bb. Ce qui rend encore plus notable le bruyant de la Conf\u00e9rence des leaders de Yewwi sur la r\u00e9ponse ferme qui avait \u00e9t\u00e9 servie \u00e0 son communiqu\u00e9 annon\u00e7ant le report de sa manifestation d\u2019aujourd\u2019hui, communiqu\u00e9 dans lequel elle avan\u00e7ait comme motif, entre autres, \u00abdes \u00e9changes avec des hauts grad\u00e9s des Forces de d\u00e9fense et de s\u00e9curit\u00e9 de notre pays\u00bb.<\/p>\n\n\n\n<p>Quoi qu\u2019il en soit, ce refus de Yaw de participer \u00e0 la c\u00e9r\u00e9monie du 4 Avril a trouv\u00e9 \u00e9cho chez sa nouvelle alli\u00e9e, Ami\u00adnata Tour\u00e9. L\u2019ancienne Pre\u00admi\u00e8re ministre a annonc\u00e9 avoir \u00e9galement d\u00e9clin\u00e9 l\u2019invitation qui lui a \u00e9t\u00e9 servie, tout en continuant de demander, \u00ab\u00e0 titre personnel, la restitution de mon mandat de d\u00e9put\u00e9e ill\u00e9galement confisqu\u00e9 par le Pr\u00e9sident Macky Sall, et \u00e0 titre collectif, les d\u00e9mocrates rappellent l\u2019impossibilit\u00e9 de la candidature du Pr\u00e9sident Macky Sall \u00e0 la prochaine \u00e9lection pr\u00e9sidentielle et exigent la participation inclusive de tous les autres candidats\u00bb.<br><strong>Par Ousmane SOW<\/strong>  LEQUOTIDIEN<\/p>\n","protected":false},"excerpt":{"rendered":"<p>Le S\u00e9n\u00e9gal va c\u00e9l\u00e9brer, demain, le 63\u00e8me anniversaire de son accession \u00e0 la souverainet\u00e9 internationale. Le chef de l\u2019Etat, Macky<\/p>\n","protected":false},"author":1,"featured_media":9660,"comment_status":"open","ping_status":"open","sticky":false,"template":"","format":"standard","meta":{"footnotes":""},"categories":[6],"tags":[],"class_list":["post-9659","post","type-post","status-publish","format-standard","has-post-thumbnail","hentry","category-politics"],"_links":{"self":[{"href":"https:\/\/dekkbi.com\/index.php?rest_route=\/wp\/v2\/posts\/9659","targetHints":{"allow":["GET"]}}],"collection":[{"href":"https:\/\/dekkbi.com\/index.php?rest_route=\/wp\/v2\/posts"}],"about":[{"href":"https:\/\/dekkbi.com\/index.php?rest_route=\/wp\/v2\/types\/post"}],"author":[{"embeddable":true,"href":"https:\/\/dekkbi.com\/index.php?rest_route=\/wp\/v2\/users\/1"}],"replies":[{"embeddable":true,"href":"https:\/\/dekkbi.com\/index.php?rest_route=%2Fwp%2Fv2%2Fcomments&post=9659"}],"version-history":[{"count":1,"href":"https:\/\/dekkbi.com\/index.php?rest_route=\/wp\/v2\/posts\/9659\/revisions"}],"predecessor-version":[{"id":9661,"href":"https:\/\/dekkbi.com\/index.php?rest_route=\/wp\/v2\/posts\/9659\/revisions\/9661"}],"wp:featuredmedia":[{"embeddable":true,"href":"https:\/\/dekkbi.com\/index.php?rest_route=\/wp\/v2\/media\/9660"}],"wp:attachment":[{"href":"https:\/\/dekkbi.com\/index.php?rest_route=%2Fwp%2Fv2%2Fmedia&parent=9659"}],"wp:term":[{"taxonomy":"category","embeddable":true,"href":"https:\/\/dekkbi.com\/index.php?rest_route=%2Fwp%2Fv2%2Fcategories&post=9659"},{"taxonomy":"post_tag","embeddable":true,"href":"https:\/\/dekkbi.com\/index.php?rest_route=%2Fwp%2Fv2%2Ftags&post=9659"}],"curies":[{"name":"wp","href":"https:\/\/api.w.org\/{rel}","templated":true}]}}