{"id":9657,"date":"2023-03-31T15:02:31","date_gmt":"2023-03-31T15:02:31","guid":{"rendered":"https:\/\/dekkbi.com\/?p=9657"},"modified":"2023-03-31T15:02:32","modified_gmt":"2023-03-31T15:02:32","slug":"la-caf-devoile-les-dates-can-ce-sera-du-13-janvier-au-11-fevrier-2024-en-cote-divoire","status":"publish","type":"post","link":"https:\/\/dekkbi.com\/?p=9657","title":{"rendered":"La Caf d\u00e9voile les dates CAN : ce sera du 13 janvier au 11 f\u00e9vrier 2024 en C\u00f4te d\u2019Ivoire !"},"content":{"rendered":"\n<p><strong>La Conf\u00e9d\u00e9ration africaine de football (CAF) a officialis\u00e9 les dates pour la 34<sup>\u00e8me<\/sup>&nbsp;\u00e9dition de la Coupe d\u2019Afrique des nations (CAN)&nbsp;&nbsp;repouss\u00e9e d\u2019une ann\u00e9e. Elle aura lieu en C\u00f4te d\u2019Ivoire du 13 janvier au 11 f\u00e9vrier 2024. Le tirage au sort de la phase de groupes aura lieu en septembre 2023, le temps pour les \u00e9liminatoires d\u2019aller \u00e0 leur terme.<\/strong><\/p>\n\n\n\n<p>La CAF a annonc\u00e9 , le jeudi 30 mars, les dates\u00a0\u00a0de la Coupe d\u2019Afrique des Nations qui se tiendra en C\u00f4te d\u2019Ivoire. Apr\u00e8s une \u00e9dition 2021 et qui a permis au S\u00e9n\u00e9gal de d\u00e9crocher son premier titre de champion d\u2019Afrique,\u00a0\u00a0cette 34<sup>\u00e8me<\/sup>\u00a0\u00e9dition\u00a0\u00a0se d\u00e9roulera du 13 janvier au 11 f\u00e9vrier 2024. <\/p>\n\n\n\n<p><\/p>\n\n\n\n<p>Initialement\u00a0\u00a0pr\u00e9vue en juin\/juillet 2023, l\u2019Instance africaine avait\u00a0\u00a0d\u00e9cid\u00e9 de d\u00e9caler en juillet 2023, la comp\u00e9tition\u00a0\u00a0afin qu\u2019elle ne co\u00efncide pas avec la saison des pluies en C\u00f4te d\u2019Ivoire avec ses conditions m\u00e9t\u00e9orologiques. Le match d\u2019ouverture aura lieu du c\u00f4t\u00e9 d\u2019Abidjan au Stade olympique d\u2019Ebimp\u00e9 Alassane Ouattara\u00a0\u00e0 Abidjan (60 000 places).<\/p>\n\n\n\n<p><\/p>\n\n\n\n<p>Cinq villes ont \u00e9t\u00e9 choisies pour l\u2019accueil des 32 matchs qui animeront pendant un mois l\u2019Ouest de l\u2019Afrique\u00a0(Abidjan, Bouak\u00e9, Korhogo, San-P\u00e9dro, Yamoussoukro).\u00a0\u00a0\u00a0En plus de ce stade d\u2019Abidjan,\u00a0\u00a0les rencontres se d\u00e9rouleront \u00e0 Bouak\u00e9 (centre, 40 000 places), Yamoussoukro (centre, 20 000 places),\u00a0San Pedro (sud-ouest, 20 000 places), Korhogo (nord, 20 000 places) et\u00a0\u00a0au Stade\u00a0F\u00e9lix Houphou\u00ebt-Boigny d\u2019Abidjan (33 000 places).<\/p>\n\n\n\n<p><\/p>\n\n\n\n<p>Le tirage au sort de la phase de groupes aura lieu en septembre 2023, le temps pour les \u00e9liminatoires d\u2019aller \u00e0 leur terme.\u00a0\u00a0Pour l\u2019heure\u00a0\u00a08 nations se\u00a0sont\u00a0qualifi\u00e9es \u00e0 l\u2019issue de la 4e journ\u00e9e du 28 mars 2023.\u00a0\u00a0Il s\u2019agit du S\u00e9n\u00e9gal, tenant du titre,\u00a0\u00a0qui a valid\u00e9 son ticket apr\u00e8s sa\u00a0\u00a0large domination dans le groupe L, l\u2019Alg\u00e9rie\u00a0qui a\u00a0gagn\u00e9 la totalit\u00e9 de ses matchs, le Maroc dans le groupe K. <\/p>\n\n\n\n<p><\/p>\n\n\n\n<p>A c\u00f4t\u00e9 de ses trois nations qui\u00a0\u00a0figureront comme\u00a0\u00a0les grands favoris \u00e0 l\u2019issue de la CAN , Il y a \u00e9galement\u00a0\u00a0la Tunisie qui s\u2019est aussi qualifi\u00e9e sans conc\u00e9der de buts,\u00a0l\u2019Afrique du Sud, le Burkina Faso et enfin la C\u00f4te d\u2019Ivoire.\u00a0<\/p>\n\n\n\n<p><\/p>\n\n\n\n<p>Dix sept billets\u00a0\u00a0restent encore en jeu lors des fen\u00eatres\u00a0\u00a0Fifa de juin et septembre 2023.\u00a0\u00a0En somme, 24 \u00e9quipes prendront part \u00e0 la phase finale. Celles-ci seront r\u00e9parties en 6 groupes de quatre \u00e9quipes et disputeront 3 matchs lors du premier tour. <\/p>\n\n\n\n<p><\/p>\n\n\n\n<p>Les deux premiers de chaque groupe et les 4 meilleurs troisi\u00e8mes seront qualifi\u00e9s pour les quarts de finale.\u00a0La derni\u00e8re \u00e9dition 2021 a permis au S\u00e9n\u00e9gal de d\u00e9crocher\u00a0pour la premi\u00e8re fois de son histoire\u00a0\u00a0le titre de champion d\u2019Afrique.\u00a0\u00a0C\u2019\u00e9tait\u00a0lors de la finale contre l\u2019Egypte au stade Olemb\u00e9 de Yaound\u00e9. Avec au bout de la s\u00e9ance de tir au but..\u00a0<\/p>\n\n\n\n<p><strong>Omar DIAW<\/strong><\/p>\n\n\n\n<p>SUDQUOTIDIEN<\/p>\n","protected":false},"excerpt":{"rendered":"<p>La Conf\u00e9d\u00e9ration africaine de football (CAF) a officialis\u00e9 les dates pour la 34\u00e8me&nbsp;\u00e9dition de la Coupe d\u2019Afrique des nations (CAN)&nbsp;&nbsp;repouss\u00e9e<\/p>\n","protected":false},"author":1,"featured_media":4784,"comment_status":"open","ping_status":"open","sticky":false,"template":"","format":"standard","meta":{"footnotes":""},"categories":[9],"tags":[],"class_list":["post-9657","post","type-post","status-publish","format-standard","has-post-thumbnail","hentry","category-sports"],"_links":{"self":[{"href":"https:\/\/dekkbi.com\/index.php?rest_route=\/wp\/v2\/posts\/9657","targetHints":{"allow":["GET"]}}],"collection":[{"href":"https:\/\/dekkbi.com\/index.php?rest_route=\/wp\/v2\/posts"}],"about":[{"href":"https:\/\/dekkbi.com\/index.php?rest_route=\/wp\/v2\/types\/post"}],"author":[{"embeddable":true,"href":"https:\/\/dekkbi.com\/index.php?rest_route=\/wp\/v2\/users\/1"}],"replies":[{"embeddable":true,"href":"https:\/\/dekkbi.com\/index.php?rest_route=%2Fwp%2Fv2%2Fcomments&post=9657"}],"version-history":[{"count":1,"href":"https:\/\/dekkbi.com\/index.php?rest_route=\/wp\/v2\/posts\/9657\/revisions"}],"predecessor-version":[{"id":9658,"href":"https:\/\/dekkbi.com\/index.php?rest_route=\/wp\/v2\/posts\/9657\/revisions\/9658"}],"wp:featuredmedia":[{"embeddable":true,"href":"https:\/\/dekkbi.com\/index.php?rest_route=\/wp\/v2\/media\/4784"}],"wp:attachment":[{"href":"https:\/\/dekkbi.com\/index.php?rest_route=%2Fwp%2Fv2%2Fmedia&parent=9657"}],"wp:term":[{"taxonomy":"category","embeddable":true,"href":"https:\/\/dekkbi.com\/index.php?rest_route=%2Fwp%2Fv2%2Fcategories&post=9657"},{"taxonomy":"post_tag","embeddable":true,"href":"https:\/\/dekkbi.com\/index.php?rest_route=%2Fwp%2Fv2%2Ftags&post=9657"}],"curies":[{"name":"wp","href":"https:\/\/api.w.org\/{rel}","templated":true}]}}