{"id":9642,"date":"2023-03-31T14:02:00","date_gmt":"2023-03-31T14:02:00","guid":{"rendered":"https:\/\/dekkbi.com\/?p=9642"},"modified":"2023-03-31T14:02:01","modified_gmt":"2023-03-31T14:02:01","slug":"mali-nouvelle-passe-darmes-entre-nations-unies-et-gouvernement-sur-les-droits-humains","status":"publish","type":"post","link":"https:\/\/dekkbi.com\/?p=9642","title":{"rendered":"Mali: nouvelle passe d&rsquo;armes entre Nations unies et gouvernement sur les droits humains"},"content":{"rendered":"\n<p><strong>L&rsquo;expert ind\u00e9pendant sur les droits de l&rsquo;homme au Mali mandat\u00e9 par les Nations unies, le S\u00e9n\u00e9galais Alioune Tine, a pr\u00e9sent\u00e9 ce 31 mars 2023 son rapport annuel devant le Conseil des droits de l&rsquo;homme de l\u2019ONU \u00e0 Gen\u00e8ve, en pr\u00e9sence des ministres maliens des Affaires \u00e9trang\u00e8res et de la Justice. L&rsquo;expert ind\u00e9pendant s\u2019est dit \u00ab\u00a0<\/strong><em>pr\u00e9occup\u00e9\u00a0<\/em><strong>\u00bb par les attaques jihadistes, les all\u00e9gations d&rsquo;exactions de l&rsquo;arm\u00e9e et la restriction des libert\u00e9s civiques. Le gouvernement malien, lui, d\u00e9nonce un rapport \u00ab\u00a0<\/strong><em>\u00e0 charge<\/em><strong>\u00a0\u00bb.<\/strong><\/p>\n\n\n\n<p>\u00ab&nbsp;<em>En d\u00e9pit des efforts notables fournis par les autorit\u00e9s maliennes<\/em>, a commenc\u00e9 Alioune Tine,<em>&nbsp;la situation reste pr\u00e9occupante<\/em>&nbsp;\u00bb, dont le rapport couvre la p\u00e9riode du 1er avril au 30 novembre 2022 (quoique certaines donn\u00e9es d\u00e9passent ces dates).<\/p>\n\n\n\n<p>L&rsquo;expert a d&rsquo;abord point\u00e9 les attaques des \u00ab&nbsp;<em>groupes extr\u00e9mistes violents<\/em>&nbsp;\u00bb, les jihadistes li\u00e9s \u00e0 al-Qa\u00efda ou au groupe \u00c9tat islamique. Il a aussi \u00e9voqu\u00e9 les violences incombant aux Forces de d\u00e9fense maliennes et au groupe Wagner, nomm\u00e9ment cit\u00e9.<\/p>\n\n\n\n<h2 class=\"wp-block-heading\">Un \u00ab&nbsp;<em>impact d\u00e9vastateur<\/em>&nbsp;\u00bb sur les civils, selon Alioune Tine<\/h2>\n\n\n\n<p>Cinq cent quatre-vingt-quatre civils avaient \u00e9t\u00e9 tu\u00e9s en 2021, 1 277 en 2022&nbsp;: une augmentation de plus de118 % selon Alioune Tine, qui parle de l&rsquo;\u00ab&nbsp;<em>impact d\u00e9vastateur<\/em>&nbsp;\u00bb de la crise malienne sur les civils.<\/p>\n\n\n\n<p>Alioune Tine note que le nombre de d\u00e9plac\u00e9s interne a augment\u00e9 de 13 % depuis un an. Ils sont actuellement plus de 412 000.<\/p>\n\n\n\n<p>Le nombre d&rsquo;\u00e9coles qui ont d\u00fb fermer \u00ab&nbsp;<em>\u00e0 cause de l&rsquo;ins\u00e9curit\u00e9<\/em>&nbsp;\u00bb a quant \u00e0 lui augment\u00e9 de pr\u00e8s de 20%, c&rsquo;est le cas de 1958 \u00e9coles aujourd&rsquo;hui.<\/p>\n\n\n\n<p>Alioune Tine rel\u00e8ve des \u00ab&nbsp;<em>avanc\u00e9es r\u00e9elles<\/em>&nbsp;\u00bb de la part des autorit\u00e9s maliennes de transition sur les droits de l&rsquo;homme et dans la lutte contre l&rsquo;impunit\u00e9, avec l&rsquo;adoption d&rsquo;un texte de loi sur la r\u00e9paration des pr\u00e9judices caus\u00e9s aux victimes, ou encore des condamnations pour des crimes li\u00e9s \u00e0 l&rsquo;esclavage par ascendance. \u00ab&nbsp;<em>Une premi\u00e8re au Mali<\/em>&nbsp;\u00bb, se r\u00e9jouit l&rsquo;expert, qui \u00ab&nbsp;<em>encourage<\/em>&nbsp;\u00bb Bamako \u00e0 \u00e9tendre ces dispositifs judiciaires aux autres victimes de violences.<\/p>\n\n\n\n<p><\/p>\n\n\n\n<p>Alioune Tine a notamment rappel\u00e9 le cas de l&rsquo;op\u00e9ration men\u00e9e il y a tout juste un an par l&rsquo;arm\u00e9e malienne \u00ab&nbsp;<em>accompagn\u00e9e de personnels militaires russes<\/em>&nbsp;\u00bb \u00e0 Moura, au cours de laquelle des centaines de personnes ont \u00e9t\u00e9 tu\u00e9es. Alioune Tine d\u00e9plore d&rsquo;ailleurs l&rsquo;absence de \u00ab&nbsp;<em>suite concr\u00e8te<\/em>&nbsp;\u00bb \u00e0 l&rsquo;enqu\u00eate annonc\u00e9e par les autorit\u00e9s maliennes sur ce cas. Parmi les recommandations finales du rapport, on note l&rsquo;ouverture par la Cour p\u00e9nale internationale d&rsquo;enqu\u00eates sur les crimes commis au Mali.<\/p>\n\n\n\n<p>Enfin Alioune Tine s&rsquo;inqui\u00e8te de la \u00ab&nbsp;<em>restriction comme peau de chagrin<\/em>&nbsp;\u00bb de l&rsquo;espace civique, de la libert\u00e9 de la presse et de la libert\u00e9 d&rsquo;expression. Il relate les peurs exprim\u00e9es par ses interlocuteurs \u2013journalistes, d\u00e9fenseurs des droits humains, politiques \u2013 qui n&rsquo;osent plus aborder certains sujets publiquement, notamment celui des violences de l&rsquo;arm\u00e9e malienne et de ses suppl\u00e9tifs russes, par crainte de repr\u00e9sailles de la part des autorit\u00e9s \u00e9tatiques ou de leurs soutiens. Alioune Tine explique d&rsquo;ailleurs avoir lui-m\u00eame, lors de sa derni\u00e8re visite au Mali, en f\u00e9vrier dernier, avoir \u00e9t\u00e9 interpel\u00e9 et soumis \u00e0 interrogatoire par la police malienne.<\/p>\n\n\n\n<h2 class=\"wp-block-heading\">Le ministre malien de la Justice d\u00e9nonce un rapport \u00ab&nbsp;<em>\u00e0 charge<\/em>&nbsp;\u00bb<\/h2>\n\n\n\n<p>En r\u00e9ponse, le ministre malien de la Justice, Mahamadou Kassogu\u00e9, a d\u00e9nonc\u00e9 un rapport \u00ab&nbsp;<em>\u00e0 charge<\/em>&nbsp;\u00bb. Selon ce dernier, ce travail ne \u00ab&nbsp;<em>tient pas compte des nombreux efforts<\/em>&nbsp;\u00bb et des \u00ab&nbsp;<em>avanc\u00e9es notables&nbsp;<\/em>\u00bb du Mali sur la s\u00e9curit\u00e9 dans le pays et sur la protection des droits humains.<\/p>\n\n\n\n<p>Il juge \u00ab&nbsp;<em>regrettable<\/em>&nbsp;\u00bb que certains \u00e9l\u00e9ments factuels communiqu\u00e9s par le gouvernement \u00ab&nbsp;<em>n&rsquo;aient pas \u00e9t\u00e9 pris en compte<\/em>&nbsp;\u00bb et d\u00e9fend \u00ab&nbsp;<em>la volont\u00e9 politique<\/em>&nbsp;\u00bb du Mali \u00e0 lutter contre l&rsquo;impunit\u00e9.<\/p>\n\n\n\n<p><\/p>\n\n\n\n<p>Le ministre a notamment rappel\u00e9, \u00e0 son tour, le cas des Assises sur les crimes li\u00e9s \u00e0 l&rsquo;esclavage par ascendance. \u00ab&nbsp;<em>Nos actions en faveur du respect des droits de l&rsquo;homme ne sont entrav\u00e9es que par des contraintes objectives<\/em>, plaide Mahamadou Kassogu\u00e9,<em>&nbsp;dont la nature complexe du terrorisme<\/em>&nbsp;\u00bb auquel le Mali est confront\u00e9. Et d&rsquo;assurer, une nouvelle fois, que des poursuites sont \u00ab&nbsp;<em>syst\u00e9matiquement engag\u00e9es, chaque fois que des all\u00e9gations cr\u00e9dibles [\u2026] sont port\u00e9es \u00e0 la connaissance<\/em>&nbsp;\u00bb de la justice malienne.<\/p>\n\n\n\n<h2 class=\"wp-block-heading\">\u00ab&nbsp;<em>Pr\u00e9server l&rsquo;ordre public<\/em>&nbsp;\u00bb<\/h2>\n\n\n\n<p>Le ministre \u00ab&nbsp;<em>r\u00e9fute<\/em>&nbsp;\u00bb toute accusation de stigmatisation, par l&rsquo;arm\u00e9e, de certaines communaut\u00e9 \u2013 en l&rsquo;occurrence la communaut\u00e9 peule \u2013 que le ministre a choisi de ne pas citer. Mahamadou Kassogu\u00e9 affirme que \u00ab&nbsp;<em>l&rsquo;espace d\u00e9mocratique ne souffre d&rsquo;aucune forme de restriction<\/em>&nbsp;\u00bb, que \u00ab&nbsp;<em>la libert\u00e9 d&rsquo;expression et d&rsquo;opinion demeurent des droits constitutionnels au Mali<\/em>&nbsp;\u00bb, ajoutant que ces droits sont \u00ab&nbsp;<em>encadr\u00e9s par la loi<\/em>&nbsp;\u00bb pour notamment \u00ab&nbsp;<em>pr\u00e9server l&rsquo;ordre public<\/em>&nbsp;\u00bb.<\/p>\n\n\n\n<p>Le ministre a assur\u00e9 que le calendrier \u00e9lectoral et des r\u00e9formes politiques avaient \u00e9t\u00e9 adopt\u00e9s de mani\u00e8re inclusive. Ni le ministre, ni l&rsquo;expert mandat\u00e9 par les Nations unies, n&rsquo;ont \u00e9voqu\u00e9 \u00e0 la tribune le report annonc\u00e9 de la premi\u00e8re \u00e9ch\u00e9ance \u00e9lectorale programm\u00e9, \u00e0 savoir le referendum constitutionnel initialement pr\u00e9vu le 19 mars dernier.<\/p>\n\n\n\n<p>Mahamadou Kassogu\u00e9 a enfin r\u00e9p\u00e9t\u00e9 que le gouvernement de Bamako \u00ab&nbsp;<em>restait engag\u00e9<\/em>&nbsp;\u00bb dans la&nbsp;mise en \u0153uvre \u00ab&nbsp;<em>diligente et intelligente malgr\u00e9 les difficult\u00e9s actuelles<\/em>&nbsp;\u00bb. Il estime enfin que \u00ab&nbsp;<em>dans les r\u00e9gions du Centre, le climat s\u00e9curitaire s&rsquo;am\u00e9liore progressivement<\/em>&nbsp;\u00bb. \u00ab&nbsp;<em>Nous enregistrons le retour des r\u00e9fugi\u00e9s, des d\u00e9plac\u00e9s internes, de l&rsquo;administration et des services sociaux de base<\/em>&nbsp;\u00bb, assure le ministre.<\/p>\n","protected":false},"excerpt":{"rendered":"<p>L&rsquo;expert ind\u00e9pendant sur les droits de l&rsquo;homme au Mali mandat\u00e9 par les Nations unies, le S\u00e9n\u00e9galais Alioune Tine, a pr\u00e9sent\u00e9<\/p>\n","protected":false},"author":1,"featured_media":9643,"comment_status":"open","ping_status":"open","sticky":false,"template":"","format":"standard","meta":{"footnotes":""},"categories":[51],"tags":[],"class_list":["post-9642","post","type-post","status-publish","format-standard","has-post-thumbnail","hentry","category-general"],"_links":{"self":[{"href":"https:\/\/dekkbi.com\/index.php?rest_route=\/wp\/v2\/posts\/9642","targetHints":{"allow":["GET"]}}],"collection":[{"href":"https:\/\/dekkbi.com\/index.php?rest_route=\/wp\/v2\/posts"}],"about":[{"href":"https:\/\/dekkbi.com\/index.php?rest_route=\/wp\/v2\/types\/post"}],"author":[{"embeddable":true,"href":"https:\/\/dekkbi.com\/index.php?rest_route=\/wp\/v2\/users\/1"}],"replies":[{"embeddable":true,"href":"https:\/\/dekkbi.com\/index.php?rest_route=%2Fwp%2Fv2%2Fcomments&post=9642"}],"version-history":[{"count":1,"href":"https:\/\/dekkbi.com\/index.php?rest_route=\/wp\/v2\/posts\/9642\/revisions"}],"predecessor-version":[{"id":9644,"href":"https:\/\/dekkbi.com\/index.php?rest_route=\/wp\/v2\/posts\/9642\/revisions\/9644"}],"wp:featuredmedia":[{"embeddable":true,"href":"https:\/\/dekkbi.com\/index.php?rest_route=\/wp\/v2\/media\/9643"}],"wp:attachment":[{"href":"https:\/\/dekkbi.com\/index.php?rest_route=%2Fwp%2Fv2%2Fmedia&parent=9642"}],"wp:term":[{"taxonomy":"category","embeddable":true,"href":"https:\/\/dekkbi.com\/index.php?rest_route=%2Fwp%2Fv2%2Fcategories&post=9642"},{"taxonomy":"post_tag","embeddable":true,"href":"https:\/\/dekkbi.com\/index.php?rest_route=%2Fwp%2Fv2%2Ftags&post=9642"}],"curies":[{"name":"wp","href":"https:\/\/api.w.org\/{rel}","templated":true}]}}