{"id":9636,"date":"2023-03-31T13:41:28","date_gmt":"2023-03-31T13:41:28","guid":{"rendered":"https:\/\/dekkbi.com\/?p=9636"},"modified":"2023-03-31T13:41:30","modified_gmt":"2023-03-31T13:41:30","slug":"borne-et-les-syndicats-aborderont-la-retraite-et-dautres-sujets-selon-dussopt","status":"publish","type":"post","link":"https:\/\/dekkbi.com\/?p=9636","title":{"rendered":"Borne et les syndicats aborderont \u00ab\u00a0la retraite et d&rsquo;autres sujets\u00a0\u00bb, selon Dussopt"},"content":{"rendered":"\n<p><a href=\"https:\/\/www.addthis.com\/bookmark.php?v=300\"><\/a><a href=\"https:\/\/www.addthis.com\/bookmark.php?v=300\"><\/a><a rel=\"noreferrer noopener\" href=\"https:\/\/www.addthis.com\/bookmark.php?v=300\" target=\"_blank\"><\/a><a rel=\"noreferrer noopener\" href=\"https:\/\/www.addthis.com\/bookmark.php?v=300\" target=\"_blank\"><\/a>\u00ab\u00a0Personne n\u2019interdira \u00e0 personne de parler de quoi que ce soit\u00a0\u00bb, y compris les retraites, lors de la r\u00e9union attendue la semaine prochaine entre la Premi\u00e8re ministre Elisabeth Borne et les syndicats, a d\u00e9clar\u00e9 le ministre du Travail Olivier Dussopt vendredi sur Europe 1.<\/p>\n\n\n\n<p>\u00ab\u00a0La Premi\u00e8re ministre a invit\u00e9 l\u2019intersyndicale pour faire un tour d&rsquo;horizon de tous les sujets, \u00e9videmment le sujet des retraites qui est au c\u0153ur de l\u2019actualit\u00e9, mais aussi d\u2019autres sujets\u00a0\u00bb, a-t-il dit.<\/p>\n\n\n\n<p>\u00ab\u00a0Personne n\u2019interdira \u00e0 personne de parler de quoi que ce soit\u00a0\u00bb, a soulign\u00e9 M. Dussopt en r\u00e9ponse au num\u00e9ro un de la CFDT Laurent Berger, qui a averti que \u00ab\u00a0si on (lui) dit: +vous ne pouvez pas en parler+ (..) ils sortiront de la salle ou alors on partira\u00a0\u00bb.<\/p>\n\n\n\n<p>\u00ab\u00a0Nous verrons d&rsquo;ici la semaine prochaine qui dans l&rsquo;intersyndicale accepte de venir\u00a0\u00bb, a-t-il dit alors que la CGT a choisi vendredi matin sa nouvelle direction. \u00ab\u00a0Il faut saisir cette occasion pour renouer un contact et voir sur quoi et comment il est \u00e9ventuellement possible d\u2019avancer\u00a0\u00bb, avec \u00ab\u00a0prudence\u00a0\u00bb, a affirm\u00e9 M. Dussopt.<\/p>\n\n\n\n<p>La r\u00e9union est envisag\u00e9e pour mercredi alors qu&rsquo;une nouvelle journ\u00e9e de mobilisation \u00e0 l&rsquo;appel de l&rsquo;intersyndicale est pr\u00e9vue jeudi.<\/p>\n\n\n\n<p>\u00ab\u00a0Dans la mise en oeuvre de ce texte, il y a des sujets sur lesquels nous pouvons certainement avancer, que ce soit par ce texte ou par d&rsquo;autres vecteurs. Je pense au d\u00e9roulement des carri\u00e8res, \u00e0 la gestion du temps \u00e0 l&rsquo;\u00e9chelle d&rsquo;une carri\u00e8re, que nous voulons aborder au travers de la loi sur l&#8217;emploi et le travail que j&rsquo;aurai \u00e0 pr\u00e9senter dans quelques semaines\u00a0\u00bb, a-t-il pr\u00e9cis\u00e9.<\/p>\n\n\n\n<p>Il a r\u00e9p\u00e9t\u00e9 que le gouvernement avait l&rsquo;intention de \u00ab\u00a0mettre en oeuvre le texte vot\u00e9\u00a0\u00bb, sans vouloir pr\u00e9juger de la d\u00e9cision du Conseil constitutionnel attendue le 14 avril sur la constitutionnalit\u00e9 du projet de loi adopt\u00e9 au Parlement apr\u00e8s un recours au 49.3.<\/p>\n\n\n\n<p>Le Conseil Constitutionnel doit \u00e9galement se prononcer sur la recevabilit\u00e9 de la demande de r\u00e9f\u00e9rendum d&rsquo;initiative partag\u00e9e (RIP) lanc\u00e9e par la gauche.<\/p>\n\n\n\n<p>\u00ab\u00a0J&rsquo;ai lu un certain nombre d&rsquo;analyses de constitutionnalistes: m\u00eame si le Conseil constitutionnel validait la demande de r\u00e9f\u00e9rendum, cela n&#8217;emp\u00eache pas la mise en oeuvre du texte tel qu&rsquo;il a \u00e9t\u00e9 adopt\u00e9\u00a0\u00bb, a d\u00e9clar\u00e9 M. Dussopt.<\/p>\n\n\n\n<p>\u00ab\u00a0Le texte actuel vot\u00e9 permet le retour \u00e0 l&rsquo;\u00e9quilibre en 2030\u00a0\u00bb, \u00ab\u00a0un objectif qu&rsquo;il \u00e9tait hors de question de perdre\u00a0\u00bb, a-t-il dit, indiquant qu&rsquo;un \u00ab\u00a0certain nombre d&rsquo;amendements ont \u00e9t\u00e9 adopt\u00e9s pour am\u00e9liorer le volet recettes\u00a0\u00bb.<\/p>\n\n\n\n<p><a href=\"https:\/\/information.tv5monde.com\/auteur\/afp\">AFP<\/a><\/p>\n\n\n\n<p>\u00a9 2023 AFP<\/p>\n\n\n\n<p>Mise \u00e0 jour 31.03.2023 \u00e0 14:00<\/p>\n","protected":false},"excerpt":{"rendered":"<p>\u00ab\u00a0Personne n\u2019interdira \u00e0 personne de parler de quoi que ce soit\u00a0\u00bb, y compris les retraites, lors de la r\u00e9union attendue<\/p>\n","protected":false},"author":1,"featured_media":9637,"comment_status":"open","ping_status":"open","sticky":false,"template":"","format":"standard","meta":{"footnotes":""},"categories":[51],"tags":[],"class_list":["post-9636","post","type-post","status-publish","format-standard","has-post-thumbnail","hentry","category-general"],"_links":{"self":[{"href":"https:\/\/dekkbi.com\/index.php?rest_route=\/wp\/v2\/posts\/9636","targetHints":{"allow":["GET"]}}],"collection":[{"href":"https:\/\/dekkbi.com\/index.php?rest_route=\/wp\/v2\/posts"}],"about":[{"href":"https:\/\/dekkbi.com\/index.php?rest_route=\/wp\/v2\/types\/post"}],"author":[{"embeddable":true,"href":"https:\/\/dekkbi.com\/index.php?rest_route=\/wp\/v2\/users\/1"}],"replies":[{"embeddable":true,"href":"https:\/\/dekkbi.com\/index.php?rest_route=%2Fwp%2Fv2%2Fcomments&post=9636"}],"version-history":[{"count":1,"href":"https:\/\/dekkbi.com\/index.php?rest_route=\/wp\/v2\/posts\/9636\/revisions"}],"predecessor-version":[{"id":9638,"href":"https:\/\/dekkbi.com\/index.php?rest_route=\/wp\/v2\/posts\/9636\/revisions\/9638"}],"wp:featuredmedia":[{"embeddable":true,"href":"https:\/\/dekkbi.com\/index.php?rest_route=\/wp\/v2\/media\/9637"}],"wp:attachment":[{"href":"https:\/\/dekkbi.com\/index.php?rest_route=%2Fwp%2Fv2%2Fmedia&parent=9636"}],"wp:term":[{"taxonomy":"category","embeddable":true,"href":"https:\/\/dekkbi.com\/index.php?rest_route=%2Fwp%2Fv2%2Fcategories&post=9636"},{"taxonomy":"post_tag","embeddable":true,"href":"https:\/\/dekkbi.com\/index.php?rest_route=%2Fwp%2Fv2%2Ftags&post=9636"}],"curies":[{"name":"wp","href":"https:\/\/api.w.org\/{rel}","templated":true}]}}