{"id":9620,"date":"2023-03-31T12:01:10","date_gmt":"2023-03-31T12:01:10","guid":{"rendered":"https:\/\/dekkbi.com\/?p=9620"},"modified":"2023-03-31T12:01:11","modified_gmt":"2023-03-31T12:01:11","slug":"financement-securite-alimentaire-infrastructures-41-milliards-de-la-boad-au-senegal","status":"publish","type":"post","link":"https:\/\/dekkbi.com\/?p=9620","title":{"rendered":"Financement \u2013 S\u00e9curit\u00e9 alimentaire, infrastructures: 41 milliards de la Boad au S\u00e9n\u00e9gal"},"content":{"rendered":"\n<p><strong>Pour le renforcement de la r\u00e9silience \u00e0 la s\u00e9curit\u00e9 alimentaire et nutritionnelle et la construction d\u2019infrastructures structurantes de la Zone \u00e9conomique sp\u00e9ciale int\u00e9gr\u00e9e de Diass, la Banque ouest-africaine de d\u00e9veloppement (Boad) a accord\u00e9 un financement global de 41 milliards de francs Cfa au S\u00e9n\u00e9gal. Il s\u2019agit de deux accords de pr\u00eat qui ont \u00e9t\u00e9 sign\u00e9s hier par la ministre de l\u2019Economie, du plan et de la coop\u00e9ration, Oulimata Sarr, et le pr\u00e9sident de la Boad, Serge Eku\u00e9.<\/strong><\/p>\n\n\n\n<p><strong>Par Dialigu\u00e9 FAYE \u2013 (avec Aps) \u2013&nbsp;<\/strong>L\u2019Etat du S\u00e9n\u00e9gal a sign\u00e9 deux accords de pr\u00eat, d\u2019un montant global de 41 milliards de francs Cfa, avec la Banque ouest-africaine de d\u00e9veloppement (Boad) pour le financement de sa politique de s\u00e9curit\u00e9 alimentaire et la construction d\u2019infrastructures structurantes de la Zone \u00e9conomique sp\u00e9ciale int\u00e9gr\u00e9e de Diass. Les accords de financement ont \u00e9t\u00e9 sign\u00e9s hier par le pr\u00e9sident de la Ban\u00adque ouest-africaine de d\u00e9veloppement (Boad), Serge Eku\u00e9, et la ministre s\u00e9n\u00e9galaise de l\u2019Economie, du plan et de la coop\u00e9ration, Oulimata Sarr. La signature des accords a eu lieu en pr\u00e9sence du Directeur g\u00e9n\u00e9ral de l\u2019Apix, l\u2019agence charg\u00e9e des investissements et des grands travaux de l\u2019Etat, Abdoulaye Bald\u00e9.<\/p>\n\n\n\n<p>Les pr\u00eats octroy\u00e9s par la Boad vont permettre au S\u00e9n\u00e9gal de financer un programme d\u00e9di\u00e9 au \u00abrenforcement de la r\u00e9silience \u00e0 l\u2019ins\u00e9curit\u00e9 alimentaire et nutritionnelle\u00bb, pour un montant de 11 milliards de francs Cfa, selon Mme Sarr.<\/p>\n\n\n\n<p>Ce programme devrait contribuer \u00e0 la r\u00e9duction de la pauvret\u00e9 et \u00e0 l\u2019am\u00e9lioration des conditions de vie et de s\u00e9curit\u00e9 alimentaire et nutritionnelle des populations par le renforcement de la r\u00e9silience aux changements climatiques, le d\u00e9veloppement des cha\u00eenes de valeurs\u2026 Il cible les zones agro-\u00e9cologiques de la vall\u00e9e du fleuve S\u00e9n\u00e9gal, notamment Matam, Kanel et Bakel, et du bassin arachidier, \u00e0 savoir Fatick et Foundiougne.<\/p>\n\n\n\n<p>S\u2019agissant de l\u2019autre convention de 30 milliards de francs Cfa de la Banque de d\u00e9veloppement de l\u2019Union \u00e9conomique et mon\u00e9taire ouest-africaine, la ministre renseigne que ce montant est destin\u00e9 \u00e0 des travaux de voirie et de construction d\u2019infrastructures \u00e0 la Zone \u00e9conomique sp\u00e9ciale int\u00e9gr\u00e9e de Diass.<\/p>\n\n\n\n<p>Les projets \u00e0 financer \u00abvont concourir aux objectifs li\u00e9s \u00e0 la souverainet\u00e9 alimentaire et \u00e0 la transformation structurelle de notre \u00e9conomie\u00bb, a pr\u00e9cis\u00e9 Oulimata Sarr.<\/p>\n\n\n\n<p>Le S\u00e9n\u00e9gal s\u2019est engag\u00e9, lors du r\u00e9cent sommet de Dakar sur la s\u00e9curit\u00e9 alimentaire, \u00e0 consacrer au moins 10% de ses d\u00e9penses publiques \u00e0 l\u2019agriculture, a-t-elle rappel\u00e9.<\/p>\n\n\n\n<p>Les pr\u00eats octroy\u00e9s par la Banque ouest-africaine de d\u00e9veloppement vont concourir \u00e0 \u00abla r\u00e9duction de la pauvret\u00e9 et \u00e0 la s\u00e9curit\u00e9 alimentaire et nutritionnelle des populations\u00bb, a dit Mme Sarr. Ces fonds, selon la ministre de l\u2019Economie, du plan et de la coop\u00e9ration, permettront \u00e9galement au S\u00e9n\u00e9gal d\u2019am\u00e9liorer sa production industrielle et de \u00abfavoriser l\u2019\u00e9mergence d\u2019un secteur priv\u00e9 national fort\u00bb.<\/p>\n\n\n\n<p><br><strong>dialigue@lequotidien.sn<\/strong><\/p>\n","protected":false},"excerpt":{"rendered":"<p>Pour le renforcement de la r\u00e9silience \u00e0 la s\u00e9curit\u00e9 alimentaire et nutritionnelle et la construction d\u2019infrastructures structurantes de la Zone<\/p>\n","protected":false},"author":1,"featured_media":6807,"comment_status":"open","ping_status":"open","sticky":false,"template":"","format":"standard","meta":{"footnotes":""},"categories":[3],"tags":[],"class_list":["post-9620","post","type-post","status-publish","format-standard","has-post-thumbnail","hentry","category-event-more-news"],"_links":{"self":[{"href":"https:\/\/dekkbi.com\/index.php?rest_route=\/wp\/v2\/posts\/9620","targetHints":{"allow":["GET"]}}],"collection":[{"href":"https:\/\/dekkbi.com\/index.php?rest_route=\/wp\/v2\/posts"}],"about":[{"href":"https:\/\/dekkbi.com\/index.php?rest_route=\/wp\/v2\/types\/post"}],"author":[{"embeddable":true,"href":"https:\/\/dekkbi.com\/index.php?rest_route=\/wp\/v2\/users\/1"}],"replies":[{"embeddable":true,"href":"https:\/\/dekkbi.com\/index.php?rest_route=%2Fwp%2Fv2%2Fcomments&post=9620"}],"version-history":[{"count":1,"href":"https:\/\/dekkbi.com\/index.php?rest_route=\/wp\/v2\/posts\/9620\/revisions"}],"predecessor-version":[{"id":9621,"href":"https:\/\/dekkbi.com\/index.php?rest_route=\/wp\/v2\/posts\/9620\/revisions\/9621"}],"wp:featuredmedia":[{"embeddable":true,"href":"https:\/\/dekkbi.com\/index.php?rest_route=\/wp\/v2\/media\/6807"}],"wp:attachment":[{"href":"https:\/\/dekkbi.com\/index.php?rest_route=%2Fwp%2Fv2%2Fmedia&parent=9620"}],"wp:term":[{"taxonomy":"category","embeddable":true,"href":"https:\/\/dekkbi.com\/index.php?rest_route=%2Fwp%2Fv2%2Fcategories&post=9620"},{"taxonomy":"post_tag","embeddable":true,"href":"https:\/\/dekkbi.com\/index.php?rest_route=%2Fwp%2Fv2%2Ftags&post=9620"}],"curies":[{"name":"wp","href":"https:\/\/api.w.org\/{rel}","templated":true}]}}