{"id":9587,"date":"2023-03-30T13:13:03","date_gmt":"2023-03-30T13:13:03","guid":{"rendered":"https:\/\/dekkbi.com\/?p=9587"},"modified":"2023-03-30T13:13:04","modified_gmt":"2023-03-30T13:13:04","slug":"rdc-des-combats-entre-armee-et-m23-confirment-le-nouvel-echec-dun-plan-de-retrait-des-rebelles","status":"publish","type":"post","link":"https:\/\/dekkbi.com\/?p=9587","title":{"rendered":"RDC: des combats entre arm\u00e9e et M23 confirment le nouvel \u00e9chec d\u2019un plan de retrait des rebelles"},"content":{"rendered":"\n<p><strong>Dans l\u2019Est de la R\u00e9publique d\u00e9mocratique du Congo (RDC) des combats entres les Forces arm\u00e9es de la RDC (FARDC) et le M23 actent le nouvel \u00e9chec d\u2019un plan de retrait des rebelles. Celui-ci devait d\u00e9buter ce 30 mars 2023, selon une feuille de route \u00e9tablie par les chefs d\u2019\u00e9tat-major de la force est-africaine.<\/strong><\/p>\n\n\n\n<p>Ce 30 mars 2023, c\u2019\u00e9tait la nouvelle \u00e9ch\u00e9ance fix\u00e9e pour le retrait total du mouvement M23 en R\u00e9publique d\u00e9mocratique du Congo (RDC). Une r\u00e9bellion soutenue par le Rwanda selon les Nations unies et qui a pris le contr\u00f4le d\u2019une partie de la province du Nord-Kivu.<\/p>\n\n\n\n<p>Cette date avait \u00e9t\u00e9 d\u00e9cid\u00e9e par les chefs d\u2019\u00e9tat-major de la force est-africaine (EAC) le 5 f\u00e9vrier 2023 et avait \u00e9t\u00e9 valid\u00e9e lors de discussions en marge du sommet de l\u2019Union africaine mi-f\u00e9vrier \u00e0 Addis-Abeba, en \u00c9thiopie.<\/p>\n\n\n\n<p>Avec le cessez-le-feu qui n\u2019a jamais vraiment \u00e9t\u00e9 respect\u00e9 sur le terrain, c\u2019est donc un nouvel \u00e9chec pour cette feuille de route de sortie de crise.<\/p>\n\n\n\n<h2 class=\"wp-block-heading\">Des contingents ougandais et sud-soudanais attendus dans l\u2019Est de la RDC<\/h2>\n\n\n\n<p>Depuis ce jeudi matin, des violents combats sont en cours entre l\u2019arm\u00e9e congolaise et le M23 sur l\u2019axe Kitshanga-Mweso, selon plusieurs sources. Le cessez-le-feu qui devait entrer en vigueur le 7 mars midi n\u2019a jamais \u00e9t\u00e9 respect\u00e9 et ces nouveaux affrontements le prouvent une fois de plus.<\/p>\n\n\n\n<p>Concernant le retrait du M23 des zones occup\u00e9es, les rebelles sont actuellement toujours visibles dans une large partie de la province du Nord-Kivu. Bertrand Bisimwa, l\u2019un des leaders du mouvement, le reconnait lui-m\u00eame dans un tweet publi\u00e9 ce 30 mars.<\/p>\n\n\n\n<p><\/p>\n\n\n\n<p>On est donc loin du retrait total et massif envisag\u00e9 en f\u00e9vrier dernier. Les chefs d\u2019\u00e9tat-major de l\u2019EAC ont d\u2019ailleurs act\u00e9 cette situation vendredi lors d\u2019une rencontre \u00e0 Bujumbura. Pour eux, ce retard est surtout d\u00fb au d\u00e9lai pris dans le d\u00e9ploiement des contingents ougandais et sud-soudanais. Ce sont les derniers contingents attendus dans le Nord-Kivu et ils doivent, aux c\u00f4t\u00e9s des K\u00e9nyans et des Burundais, occuper les positions lib\u00e9r\u00e9es par le M23. Deux contingents annonc\u00e9s tr\u00e8s prochainement sur le territoire congolais, selon l\u2019EAC.<\/p>\n\n\n\n<p>Le 29 mars, d\u00e9j\u00e0, on disait l\u2019entr\u00e9e des troupes ougandaises par Bunagana imminente. Il n\u2019en est rien ce matin. Les discussions avec les rebelles se poursuivent.<\/p>\n\n\n\n<p>N\u00e9anmoins, les responsables ougandais ont \u00e9t\u00e9 clairs sur la mission de leurs soldats. Le lieutenant-g\u00e9n\u00e9ral Muhanga, le commandant des forces terrestres, a d\u00e9clar\u00e9 hier que cette force est-africaine \u00ab&nbsp;<em>ne va pas attaquer les bellig\u00e9rants, mais elle va \u00eatre t\u00e9moin et assurer la mise en \u0153uvre des d\u00e9cisions prises par les chefs d&rsquo;\u00c9tat<\/em>&nbsp;\u00bb. Pas d\u2019op\u00e9ration offensives donc \u00e0 attendre de ces renforts militaires.<\/p>\n","protected":false},"excerpt":{"rendered":"<p>Dans l\u2019Est de la R\u00e9publique d\u00e9mocratique du Congo (RDC) des combats entres les Forces arm\u00e9es de la RDC (FARDC) et<\/p>\n","protected":false},"author":1,"featured_media":9588,"comment_status":"open","ping_status":"open","sticky":false,"template":"","format":"standard","meta":{"footnotes":""},"categories":[51],"tags":[],"class_list":["post-9587","post","type-post","status-publish","format-standard","has-post-thumbnail","hentry","category-general"],"_links":{"self":[{"href":"https:\/\/dekkbi.com\/index.php?rest_route=\/wp\/v2\/posts\/9587","targetHints":{"allow":["GET"]}}],"collection":[{"href":"https:\/\/dekkbi.com\/index.php?rest_route=\/wp\/v2\/posts"}],"about":[{"href":"https:\/\/dekkbi.com\/index.php?rest_route=\/wp\/v2\/types\/post"}],"author":[{"embeddable":true,"href":"https:\/\/dekkbi.com\/index.php?rest_route=\/wp\/v2\/users\/1"}],"replies":[{"embeddable":true,"href":"https:\/\/dekkbi.com\/index.php?rest_route=%2Fwp%2Fv2%2Fcomments&post=9587"}],"version-history":[{"count":1,"href":"https:\/\/dekkbi.com\/index.php?rest_route=\/wp\/v2\/posts\/9587\/revisions"}],"predecessor-version":[{"id":9589,"href":"https:\/\/dekkbi.com\/index.php?rest_route=\/wp\/v2\/posts\/9587\/revisions\/9589"}],"wp:featuredmedia":[{"embeddable":true,"href":"https:\/\/dekkbi.com\/index.php?rest_route=\/wp\/v2\/media\/9588"}],"wp:attachment":[{"href":"https:\/\/dekkbi.com\/index.php?rest_route=%2Fwp%2Fv2%2Fmedia&parent=9587"}],"wp:term":[{"taxonomy":"category","embeddable":true,"href":"https:\/\/dekkbi.com\/index.php?rest_route=%2Fwp%2Fv2%2Fcategories&post=9587"},{"taxonomy":"post_tag","embeddable":true,"href":"https:\/\/dekkbi.com\/index.php?rest_route=%2Fwp%2Fv2%2Ftags&post=9587"}],"curies":[{"name":"wp","href":"https:\/\/api.w.org\/{rel}","templated":true}]}}