{"id":9585,"date":"2023-03-30T13:02:55","date_gmt":"2023-03-30T13:02:55","guid":{"rendered":"https:\/\/dekkbi.com\/?p=9585"},"modified":"2023-03-30T13:02:56","modified_gmt":"2023-03-30T13:02:56","slug":"mexique-une-enquete-ouverte-pour-homicide-apres-la-mort-de-39-migrants-dans-un-incendie","status":"publish","type":"post","link":"https:\/\/dekkbi.com\/?p=9585","title":{"rendered":"Mexique: une enqu\u00eate ouverte pour \u00abhomicide\u00bb apr\u00e8s la mort de 39 migrants dans un incendie"},"content":{"rendered":"\n<p><strong>Un millier de migrants ont tent\u00e9 de traverser la fronti\u00e8re entre le Mexique et les \u00c9tats-Unis mercredi, apr\u00e8s la trag\u00e9die qui a caus\u00e9 la mort de 39 personnes dans un centre de d\u00e9tention de Ciudad Juarez.\u00a0<\/strong><\/p>\n\n\n\n<p>Que s&rsquo;est-il pass\u00e9 dans le\u00a0centre de d\u00e9tention \u00e0 Ciudad Juarez, \u00e0 la fronti\u00e8re des \u00c9tats-Unis ? Dans la nuit de lundi \u00e0 mardi,\u00a0<strong>39 migrants ont p\u00e9ri dans un incendie<\/strong>\u00a0et une vingtaine d&rsquo;autres ont \u00e9t\u00e9 bless\u00e9s, dont certains tr\u00e8s gravement.<\/p>\n\n\n\n<p>L&rsquo;enqu\u00eate pour \u00ab homicide \u00bb ouverte mercredi par les autorit\u00e9s mexicaines devra faire la lumi\u00e8re sur les circonstances de ce drame. Pour l&rsquo;heure, huit responsables pr\u00e9sum\u00e9s ont \u00e9t\u00e9 identifi\u00e9s. Ils sont soup\u00e7onn\u00e9s de n&rsquo;avoir rien fait pour sauver les migrants, a indiqu\u00e9 le parquet sp\u00e9cialis\u00e9 en mati\u00e8re de droits humains.<\/p>\n\n\n\n<h2 class=\"wp-block-heading\">Inaction des personnels du centre de d\u00e9tention<\/h2>\n\n\n\n<p>\u00ab&nbsp;<em>Aucun des fonctionnaires ni aucun des policiers de s\u00e9curit\u00e9 priv\u00e9e n&rsquo;ont r\u00e9alis\u00e9 la moindre action pour ouvrir la porte aux migrants qui se trouvaient \u00e0 l&rsquo;int\u00e9rieur alors qu&rsquo;il y avait le feu&nbsp;<\/em>\u00bb, a d\u00e9clar\u00e9 la procureure sp\u00e9cialis\u00e9e en mati\u00e8re de droits humains, Sara Irene Herrer\u00edas Guerra, lors d&rsquo;une conf\u00e9rence de presse mercredi.<\/p>\n\n\n\n<p>Une vid\u00e9o de 32 secondes issue d&rsquo;images de vid\u00e9osurveillance&nbsp;\u2013 dont l&rsquo;authenticit\u00e9 a \u00e9t\u00e9 confirm\u00e9e&nbsp;\u2013 montre le d\u00e9but de l&rsquo;incendie dans la nuit de lundi \u00e0 mardi. Derri\u00e8re les barreaux, dans la fum\u00e9e, un homme donne des coups de pied contre une porte ferm\u00e9e tandis qu&rsquo;un autre semble d\u00e9poser un matelas par terre.<\/p>\n\n\n\n<p>Au premier plan, trois agents se retirent en tournant le dos aux personnes enferm\u00e9es derri\u00e8re les barreaux, sans leur pr\u00eater assistance. Les responsables pr\u00e9sum\u00e9s \u2013 trois agents de l&rsquo;Institut national de migration (INM) et cinq agents d&rsquo;une entreprise de s\u00e9curit\u00e9 \u2013&nbsp;\u00ab<em>&nbsp;sont d\u00e9j\u00e0 en train d&rsquo;\u00eatre entendus<\/em>&nbsp;\u00bb par le parquet, a repris la procureure.<\/p>\n\n\n\n<p>Un migrant a \u00e9galement \u00e9t\u00e9 \u00ab<em>&nbsp;signal\u00e9<\/em>&nbsp;\u00bb par d&rsquo;autres migrants comme le responsable de l&rsquo;incendie, a-t-elle ajout\u00e9, sans autre pr\u00e9cision. Les autorit\u00e9s ont confirm\u00e9 que l&rsquo;incendie avait \u00e9t\u00e9 provoqu\u00e9 par des migrants pour protester contre leur possible expulsion.<\/p>\n\n\n\n<p>Le pr\u00e9sident mexicain Andr\u00e9s Manuel Lopez Obrador a promis qu&rsquo;il n&rsquo;y aurait pas d&rsquo;\u00ab<em>&nbsp;impunit\u00e9<\/em>&nbsp;\u00bb en demandant que \u00ab<em>&nbsp;l&rsquo;on punisse conform\u00e9ment \u00e0 la loi ceux qui ont provoqu\u00e9 cette douloureuse trag\u00e9die&nbsp;<\/em>\u00bb.<\/p>\n\n\n\n<h2 class=\"wp-block-heading\">Rumeurs<\/h2>\n\n\n\n<p><\/p>\n\n\n\n<p>Les autorit\u00e9s n&rsquo;ont toujours pas donn\u00e9 le d\u00e9tail de la nationalit\u00e9 des victimes, mentionnant leur pays d&rsquo;origine, principalement d&rsquo;Am\u00e9rique centrale (Guatemala, Salvador, Honduras) et Venezuela, dont les ressortissants sont nombreux chaque ann\u00e9e \u00e0 tenter de fuir la pauvret\u00e9 et la violence. Le Guatemala a affirm\u00e9 d\u00e8s mardi que 28 de ses ressortissants \u00e9taient morts. Le Salvador a parl\u00e9 de quatre bless\u00e9s graves, en demandant que les responsables de la trag\u00e9die soient traduits en justice.<\/p>\n\n\n\n<p>Cons\u00e9quence de cette trag\u00e9die : \u00ab<em>&nbsp;Plus de 1 000 migrants&nbsp;<\/em>\u00bb ont tent\u00e9 de passer \u00e0 pied mercredi la fronti\u00e8re entre le Mexique et les \u00c9tats-Unis mercredi, ont indiqu\u00e9 les gardes-fronti\u00e8res am\u00e9ricains, pr\u00e9cisant qu&rsquo;ils vont \u00eatre expuls\u00e9s. Une rumeur a circul\u00e9 parmi les migrants indiquant que les Etats-Unis \u00e9taient pr\u00eats \u00e0 en recevoir certains pour des raisons humanitaires.&nbsp;<\/p>\n\n\n\n<p>\u00ab&nbsp;<em>La fronti\u00e8re est ferm\u00e9e \u00e0 l&rsquo;immigration irr\u00e9guli\u00e8re !&nbsp;<\/em>\u00bb, a martel\u00e9 le consulat am\u00e9ricain sur Twitter dans un message en espagnol intitul\u00e9 \u00ab&nbsp;<em>Ne te laisse pas abuser&nbsp;<\/em>\u00bb.<\/p>\n\n\n\n<p>Depuis 2014, environ 7 661 migrants sont morts ou ont disparu sur la route vers le territoire am\u00e9ricain, d&rsquo;apr\u00e8s l&rsquo;Organisation internationale des migrations (OIM).<\/p>\n\n\n\n<p>(<em>Avec<\/em>&nbsp;AFP)<\/p>\n","protected":false},"excerpt":{"rendered":"<p>Un millier de migrants ont tent\u00e9 de traverser la fronti\u00e8re entre le Mexique et les \u00c9tats-Unis mercredi, apr\u00e8s la trag\u00e9die<\/p>\n","protected":false},"author":1,"featured_media":9400,"comment_status":"open","ping_status":"open","sticky":false,"template":"","format":"standard","meta":{"footnotes":""},"categories":[51],"tags":[],"class_list":["post-9585","post","type-post","status-publish","format-standard","has-post-thumbnail","hentry","category-general"],"_links":{"self":[{"href":"https:\/\/dekkbi.com\/index.php?rest_route=\/wp\/v2\/posts\/9585","targetHints":{"allow":["GET"]}}],"collection":[{"href":"https:\/\/dekkbi.com\/index.php?rest_route=\/wp\/v2\/posts"}],"about":[{"href":"https:\/\/dekkbi.com\/index.php?rest_route=\/wp\/v2\/types\/post"}],"author":[{"embeddable":true,"href":"https:\/\/dekkbi.com\/index.php?rest_route=\/wp\/v2\/users\/1"}],"replies":[{"embeddable":true,"href":"https:\/\/dekkbi.com\/index.php?rest_route=%2Fwp%2Fv2%2Fcomments&post=9585"}],"version-history":[{"count":1,"href":"https:\/\/dekkbi.com\/index.php?rest_route=\/wp\/v2\/posts\/9585\/revisions"}],"predecessor-version":[{"id":9586,"href":"https:\/\/dekkbi.com\/index.php?rest_route=\/wp\/v2\/posts\/9585\/revisions\/9586"}],"wp:featuredmedia":[{"embeddable":true,"href":"https:\/\/dekkbi.com\/index.php?rest_route=\/wp\/v2\/media\/9400"}],"wp:attachment":[{"href":"https:\/\/dekkbi.com\/index.php?rest_route=%2Fwp%2Fv2%2Fmedia&parent=9585"}],"wp:term":[{"taxonomy":"category","embeddable":true,"href":"https:\/\/dekkbi.com\/index.php?rest_route=%2Fwp%2Fv2%2Fcategories&post=9585"},{"taxonomy":"post_tag","embeddable":true,"href":"https:\/\/dekkbi.com\/index.php?rest_route=%2Fwp%2Fv2%2Ftags&post=9585"}],"curies":[{"name":"wp","href":"https:\/\/api.w.org\/{rel}","templated":true}]}}