{"id":9583,"date":"2023-03-30T12:59:43","date_gmt":"2023-03-30T12:59:43","guid":{"rendered":"https:\/\/dekkbi.com\/?p=9583"},"modified":"2023-03-30T13:00:32","modified_gmt":"2023-03-30T13:00:32","slug":"responsabilite-des-etats-lonu-adopte-une-resolution-historique-pour-la-justice-climatique","status":"publish","type":"post","link":"https:\/\/dekkbi.com\/?p=9583","title":{"rendered":"Responsabilit\u00e9 des \u00c9tats: l\u2019ONU adopte une r\u00e9solution \u00abhistorique\u00bb pour la justice climatique"},"content":{"rendered":"\n<p><strong>Les pays membres des Nations unies ont d\u00e9cid\u00e9, mercredi 29 mars, de demander \u00e0 la Cour internationale de justice, la plus haute instance de justice globale, de pr\u00e9ciser les obligations qui incombent aux \u00c9tats dans la lutte contre le changement climatique et mieux prot\u00e9ger les communaut\u00e9s des d\u00e9sastres dus au climat.<\/strong><\/p>\n\n\n\n<p>C\u2019est une petite id\u00e9e qui est all\u00e9e tr\u00e8s loin. Des \u00e9tudiants des\u00a0<strong>\u00eeles Fidji<\/strong>\u00a0ont lanc\u00e9 cette initiative il y a deux ans : demander \u00e0 la Cour internationale de justice (CIJ) de d\u00e9finir les responsabilit\u00e9s des pays dans le r\u00e9chauffement climatique pour les g\u00e9n\u00e9rations \u00ab\u00a0<em>pr\u00e9sentes et futures<\/em>\u00a0\u00bb. Puis\u00a0<strong>le gouvernement du Vanuatu voisin a d\u00e9cid\u00e9 de porter le combat \u00e0 l\u2019ONU<\/strong>\u00a0en 2021, a rassembl\u00e9 130 des 193 pays membres pour soutenir une r\u00e9solution \u00e0 l\u2019Assembl\u00e9e g\u00e9n\u00e9rale, rappelle notre correspondante \u00e0 New York,\u00a0<strong>Carrie Nooten<\/strong>.<\/p>\n\n\n\n<p>C\u2019est ainsi que l\u2019Assembl\u00e9e g\u00e9n\u00e9rale de l\u2019ONU a adopt\u00e9 mercredi 29 mars, sous les applaudissements, cette r\u00e9solution demandant \u00e0 la justice internationale de clarifier les \u00ab&nbsp;<em>obligations<\/em>&nbsp;\u00bb des \u00c9tats dans la lutte contre le changement climatique, saisissant officiellement la CIJ. Elle doit rendre son avis d\u2019ici 2025.<\/p>\n\n\n\n<h2 class=\"wp-block-heading\">\u00ab&nbsp;<em>Une victoire \u00e9pique pour la justice climatique&nbsp;<\/em>\u00bb<\/h2>\n\n\n\n<p>Le patron des Nations unies, Antonio Guterres, qui a fait des questions climatiques l\u2019un des c\u0153urs de sa mission, a d\u00e9j\u00e0 salu\u00e9 la d\u00e9cision : \u00ab<em>&nbsp;Ensemble, vous \u00e9crivez l\u2019Histoire&nbsp;<\/em>\u00bb, a-t-il d\u00e9clar\u00e9.&nbsp;Car si les avis de la Cour ne sont pas contraignants, ils ont un poids l\u00e9gal et moral important&nbsp;et sont souvent pris en compte par les tribunaux nationaux et pourrait donc aider les gouvernements \u00e0 \u00ab<em>&nbsp;prendre les mesures climatiques plus courageuses et plus fortes dont le monde a si d\u00e9sesp\u00e9r\u00e9ment besoin&nbsp;<\/em>\u00bb, a soulign\u00e9 le secr\u00e9taire g\u00e9n\u00e9ral de l\u2019ONU. Les pays sponsors esp\u00e8rent que cela poussera les gouvernements \u00e0 acc\u00e9l\u00e9rer leurs actions.<\/p>\n\n\n\n<p>\u00ab<em>&nbsp;Aujourd\u2019hui, nous avons \u00e9t\u00e9 t\u00e9moins d\u2019une victoire \u00e9pique pour la justice climatique&nbsp;<\/em>\u00bb, a comment\u00e9 Ishmael Kalsakau, Premier ministre du Vanuatu ravag\u00e9 d\u00e9but mars par deux puissants cyclones en quelques jours.<\/p>\n\n\n\n<p>La r\u00e9solution \u00e9voque aussi des \u00e9l\u00e9ments cl\u00e9s, ignor\u00e9s dans les textes officiels jusqu\u2019ici, telles que l\u2019\u00e9quit\u00e9 entre les g\u00e9n\u00e9rations en mati\u00e8re de changement climatique ou les obligations envers les petits \u00c9tats insulaires, particuli\u00e8rement menac\u00e9s.<\/p>\n\n\n\n<p>Mais tout le monde n\u2019est pas aussi enthousiaste. La Chine et les \u00c9tats-Unis, les deux plus gros \u00e9metteurs mondiaux de CO2, n\u2019ont pas sponsoris\u00e9 le texte.<\/p>\n\n\n\n<p>(Rfi.fr&nbsp;<em>Et avec<\/em>&nbsp;AFP)<\/p>\n","protected":false},"excerpt":{"rendered":"<p>Les pays membres des Nations unies ont d\u00e9cid\u00e9, mercredi 29 mars, de demander \u00e0 la Cour internationale de justice, la<\/p>\n","protected":false},"author":1,"featured_media":5042,"comment_status":"open","ping_status":"open","sticky":false,"template":"","format":"standard","meta":{"footnotes":""},"categories":[51],"tags":[],"class_list":["post-9583","post","type-post","status-publish","format-standard","has-post-thumbnail","hentry","category-general"],"_links":{"self":[{"href":"https:\/\/dekkbi.com\/index.php?rest_route=\/wp\/v2\/posts\/9583","targetHints":{"allow":["GET"]}}],"collection":[{"href":"https:\/\/dekkbi.com\/index.php?rest_route=\/wp\/v2\/posts"}],"about":[{"href":"https:\/\/dekkbi.com\/index.php?rest_route=\/wp\/v2\/types\/post"}],"author":[{"embeddable":true,"href":"https:\/\/dekkbi.com\/index.php?rest_route=\/wp\/v2\/users\/1"}],"replies":[{"embeddable":true,"href":"https:\/\/dekkbi.com\/index.php?rest_route=%2Fwp%2Fv2%2Fcomments&post=9583"}],"version-history":[{"count":1,"href":"https:\/\/dekkbi.com\/index.php?rest_route=\/wp\/v2\/posts\/9583\/revisions"}],"predecessor-version":[{"id":9584,"href":"https:\/\/dekkbi.com\/index.php?rest_route=\/wp\/v2\/posts\/9583\/revisions\/9584"}],"wp:featuredmedia":[{"embeddable":true,"href":"https:\/\/dekkbi.com\/index.php?rest_route=\/wp\/v2\/media\/5042"}],"wp:attachment":[{"href":"https:\/\/dekkbi.com\/index.php?rest_route=%2Fwp%2Fv2%2Fmedia&parent=9583"}],"wp:term":[{"taxonomy":"category","embeddable":true,"href":"https:\/\/dekkbi.com\/index.php?rest_route=%2Fwp%2Fv2%2Fcategories&post=9583"},{"taxonomy":"post_tag","embeddable":true,"href":"https:\/\/dekkbi.com\/index.php?rest_route=%2Fwp%2Fv2%2Ftags&post=9583"}],"curies":[{"name":"wp","href":"https:\/\/api.w.org\/{rel}","templated":true}]}}