{"id":9575,"date":"2023-03-30T12:49:19","date_gmt":"2023-03-30T12:49:19","guid":{"rendered":"https:\/\/dekkbi.com\/?p=9575"},"modified":"2023-03-30T12:49:20","modified_gmt":"2023-03-30T12:49:20","slug":"ue-accord-entre-etats-et-eurodeputes-pour-doubler-la-part-des-energies-renouvelables-dici-2030","status":"publish","type":"post","link":"https:\/\/dekkbi.com\/?p=9575","title":{"rendered":"UE: accord entre \u00c9tats et eurod\u00e9put\u00e9s pour doubler la part des \u00e9nergies renouvelables d&rsquo;ici 2030"},"content":{"rendered":"\n<p><strong>Les \u00c9tats membres de l&rsquo;Union europ\u00e9enne et eurod\u00e9put\u00e9s se sont accord\u00e9s, jeudi 30 mars, pour quasiment doubler la part des renouvelables dans le \u00ab\u00a0mix\u00a0\u00bb \u00e9nerg\u00e9tique europ\u00e9en d&rsquo;ici 2030, tout en tenant compte du r\u00f4le du nucl\u00e9aire pour produire de l&rsquo;hydrog\u00e8ne d\u00e9carbon\u00e9, sujet qui a vivement divis\u00e9 les Vingt-Sept.<\/strong><\/p>\n\n\n\n<p>Le texte sur la part des renouvelables dans le \u00ab&nbsp;mix&nbsp;\u00bb \u00e9nerg\u00e9tique europ\u00e9en, approuv\u00e9 \u00e0 l&rsquo;aube, ce jeudi 30 mars, apr\u00e8s une quinzaine d&rsquo;heures d&rsquo;ultimes pourparlers, fixe maintenant un objectif contraignant de 42,5% de renouvelables dans la consommation europ\u00e9enne d&rsquo;ici la fin de la d\u00e9cennie, soit un quasi-doublement du niveau actuel d&rsquo;environ 22% (un peu plus de 19% en France). Cette cible se situe \u00e0 mi-chemin entre les 45% que r\u00e9clamaient la Commission europ\u00e9enne et les eurod\u00e9put\u00e9s, et les 40% que demandaient les \u00c9tats. Elle marque un tr\u00e8s net rel\u00e8vement par rapport \u00e0 l&rsquo;objectif actuel de l&rsquo;UE pour 2030 (32%).<\/p>\n\n\n\n<h2 class=\"wp-block-heading\">Faciliter les proc\u00e9dures<\/h2>\n\n\n\n<p>Pour y parvenir, le texte approuv\u00e9 pr\u00e9voit de faciliter et d&rsquo;acc\u00e9l\u00e9rer les proc\u00e9dures d&rsquo;autorisations pour les infrastructures d&rsquo;\u00e9nergies renouvelables, avec l&rsquo;\u00e9tablissement de territoires d\u00e9di\u00e9s o\u00f9 la r\u00e9glementation serait assouplie. L&rsquo;accord fait aussi de la biomasse (bois br\u00fbl\u00e9 pour produire de l&rsquo;\u00e9lectricit\u00e9) une source \u00ab&nbsp;<em>100% verte<\/em>&nbsp;\u00bb, a soulign\u00e9 l&rsquo;eurod\u00e9put\u00e9 Markus Pieper (PPE, droite), rapporteur du texte. Cette \u00ab<em>&nbsp;bio\u00e9nergie&nbsp;<\/em>\u00bb, d\u00e9fendue notamment par les pays scandinaves, est cependant d\u00e9nonc\u00e9e vivement par les ONG \u00e9cologistes, inqui\u00e8tes de l&rsquo;impact sur les for\u00eats comme puits de carbone et refuges de biodiversit\u00e9.<\/p>\n\n\n\n<p>Le recours \u00e0 la biomasse foresti\u00e8re primaire a cependant \u00e9t\u00e9 plus strictement d\u00e9fini et encadr\u00e9. \u00ab&nbsp;<em>L&rsquo;utilisation de la biomasse est mieux encadr\u00e9e m\u00eame si le Parlement voulait allait plus loin&nbsp;<\/em>\u00bb, note l&rsquo;eurod\u00e9put\u00e9 Pascal Canfin (Renew, lib\u00e9raux), pr\u00e9sident de la commission parlementaire Environnement. Enfin, le texte assure \u00ab<em>&nbsp;la reconnaissance du r\u00f4le sp\u00e9cifique du nucl\u00e9aire qui n&rsquo;est ni vert ni fossile&nbsp;<\/em>\u00bb, ajoute M. Canfin.<\/p>\n\n\n\n<p>Ce point a fait l&rsquo;objet de vives divergences ces derni\u00e8res semaines entre les Vingt-Sept, ravivant les divisions entre d\u00e9fenseurs et d\u00e9tracteurs de l&rsquo;atome civil. Alors que le texte pr\u00e9voit d&rsquo;ambitieux objectifs d&rsquo;hydrog\u00e8ne \u00ab<em>&nbsp;renouvelable<\/em>&nbsp;\u00bb \u00e0 atteindre dans les transports et l&rsquo;industrie, la France et ses alli\u00e9s r\u00e9clamaient un traitement \u00e9gal entre hydrog\u00e8ne renouvelable et hydrog\u00e8ne \u00ab&nbsp;<em>bas-carbone<\/em>&nbsp;\u00bb produit avec de l&rsquo;\u00e9lectricit\u00e9 d&rsquo;origine nucl\u00e9aire.<\/p>\n\n\n\n<h2 class=\"wp-block-heading\">Compromis su\u00e9dois<\/h2>\n\n\n\n<p>Une ligne rouge pour plusieurs pays (Allemagne, Autriche, Danemark, Irlande, Luxembourg, Portugal, Espagne&#8230;), qui refusaient d&rsquo;encourager, dans un texte d\u00e9volu aux \u00e9nergies vertes, la production d&rsquo;hydrog\u00e8ne issu du nucl\u00e9aire, au risque selon eux de ralentir les investissements dans les renouvelables. Finalement, la pr\u00e9sidence su\u00e9doise de l&rsquo;UE, qui menait les discussions au nom des \u00c9tats membres avec les eurod\u00e9put\u00e9s, a propos\u00e9 un compromis visant \u00e0 assouplir les objectifs pour les pays disposant d&rsquo;une importante production \u00e9lectrique d\u00e9carbon\u00e9e.<\/p>\n\n\n\n<p>Selon l&rsquo;accord conclu, la cible d&rsquo;hydrog\u00e8ne renouvelable pour 2030 pourra \u00eatre r\u00e9duite de 20% pour les \u00c9tats membres o\u00f9 la part d&rsquo;hydrog\u00e8ne fossile dans la consommation d&rsquo;hydrog\u00e8ne du pays sera inf\u00e9rieure \u00e0 23%. \u00ab&nbsp;<em>Cela veut dire que la France ne sera pas oblig\u00e9e de construire du renouvelable pour faire de l&rsquo;hydrog\u00e8ne pour l&rsquo;industrie et les transports mais pourra aussi utiliser le nucl\u00e9aire<\/em>&nbsp;(pour tenir l&rsquo;objectif europ\u00e9en).&nbsp;<em>C&rsquo;\u00e9tait une condition absolue pour la France pour soutenir l&rsquo;accord final&nbsp;<\/em>\u00bb, a soulign\u00e9 M. Canfin.<\/p>\n\n\n\n<p>(<em>Avec<\/em>&nbsp;AFP)<\/p>\n","protected":false},"excerpt":{"rendered":"<p>Les \u00c9tats membres de l&rsquo;Union europ\u00e9enne et eurod\u00e9put\u00e9s se sont accord\u00e9s, jeudi 30 mars, pour quasiment doubler la part des<\/p>\n","protected":false},"author":1,"featured_media":3305,"comment_status":"open","ping_status":"open","sticky":false,"template":"","format":"standard","meta":{"footnotes":""},"categories":[3],"tags":[],"class_list":["post-9575","post","type-post","status-publish","format-standard","has-post-thumbnail","hentry","category-event-more-news"],"_links":{"self":[{"href":"https:\/\/dekkbi.com\/index.php?rest_route=\/wp\/v2\/posts\/9575","targetHints":{"allow":["GET"]}}],"collection":[{"href":"https:\/\/dekkbi.com\/index.php?rest_route=\/wp\/v2\/posts"}],"about":[{"href":"https:\/\/dekkbi.com\/index.php?rest_route=\/wp\/v2\/types\/post"}],"author":[{"embeddable":true,"href":"https:\/\/dekkbi.com\/index.php?rest_route=\/wp\/v2\/users\/1"}],"replies":[{"embeddable":true,"href":"https:\/\/dekkbi.com\/index.php?rest_route=%2Fwp%2Fv2%2Fcomments&post=9575"}],"version-history":[{"count":1,"href":"https:\/\/dekkbi.com\/index.php?rest_route=\/wp\/v2\/posts\/9575\/revisions"}],"predecessor-version":[{"id":9576,"href":"https:\/\/dekkbi.com\/index.php?rest_route=\/wp\/v2\/posts\/9575\/revisions\/9576"}],"wp:featuredmedia":[{"embeddable":true,"href":"https:\/\/dekkbi.com\/index.php?rest_route=\/wp\/v2\/media\/3305"}],"wp:attachment":[{"href":"https:\/\/dekkbi.com\/index.php?rest_route=%2Fwp%2Fv2%2Fmedia&parent=9575"}],"wp:term":[{"taxonomy":"category","embeddable":true,"href":"https:\/\/dekkbi.com\/index.php?rest_route=%2Fwp%2Fv2%2Fcategories&post=9575"},{"taxonomy":"post_tag","embeddable":true,"href":"https:\/\/dekkbi.com\/index.php?rest_route=%2Fwp%2Fv2%2Ftags&post=9575"}],"curies":[{"name":"wp","href":"https:\/\/api.w.org\/{rel}","templated":true}]}}