{"id":9568,"date":"2023-03-30T12:37:16","date_gmt":"2023-03-30T12:37:16","guid":{"rendered":"https:\/\/dekkbi.com\/?p=9568"},"modified":"2023-03-30T12:37:17","modified_gmt":"2023-03-30T12:37:17","slug":"petits-business-pendant-le-ramadan-quand-la-cherte-des-prix-affecte-la-traite-des-dattes","status":"publish","type":"post","link":"https:\/\/dekkbi.com\/?p=9568","title":{"rendered":"Petits business pendant le ramadan : quand la chert\u00e9 des prix affecte la traite des dattes"},"content":{"rendered":"\n<p><strong>Le Ramadan rime souvent avec de petits commerces qui font l\u2019affaire de plusieurs personnes. Hommes et femmes, jeunes et vieux, commer\u00e7ants, tabliers et ambulants, beaucoup de personnes investissent le cr\u00e9neau, le temps d\u2019un mois de je\u00fbne. Parmi ces petits business autour du Ramadan, il y a la vente de dattes qui occupe un nombre important de S\u00e9n\u00e9galais. Des importateurs\/grossistes et demi-grossistes aux d\u00e9taillants, chacun semble y trouver son compte, en cette p\u00e9riode, m\u00eame si ces derniers se plaignent de l\u2019augmentation des prix qui affecte leurs b\u00e9n\u00e9fices.<\/strong><\/p>\n\n\n\n<p>Les S\u00e9n\u00e9galais, \u00e0 l\u2019instar des musulmans du monde entier, ont d\u00e9but\u00e9s le je\u00fbne du mois b\u00e9ni de Ramadan, le jeudi 23 mars 2023&nbsp;(jeudi 1<sup>er<\/sup>&nbsp;Ramadan 1444H). Qui parle de &nbsp;Ramadan, parle de changement et\/ou d\u2019adaptation de certaines habitudes notamment alimentaires. C\u2019est ainsi que des dattes sont tr\u00e8s pris\u00e9es en cette p\u00e9riode de privation. Elles sont pr\u00e9f\u00e9r\u00e9es, comme premier aliment \u00e0 prendre, pour nombres de musulmans je\u00fbneurs, pour la rupture du je\u00fbne.<\/p>\n\n\n\n<p>Disponibles sur le march\u00e9 en quantit\u00e9s et de diff\u00e9rentes vari\u00e9t\u00e9s, accessibles \u00e0 toutes les bourses ou presque et offrant parfois l\u2019embarras du choix \u00e0 des clients au march\u00e9, les dattes semblent faire l\u2019affaire de nombre de S\u00e9n\u00e9galais, des importateurs, grossistes demi-grossistes aux plus petits d\u00e9taillants. M\u00eame si&nbsp;<em>\u00abla chert\u00e9 des prix, par rapport \u00e0 l\u2019ann\u00e9e derni\u00e8re, r\u00e9duit consid\u00e9rablement les b\u00e9n\u00e9ficies\u00bb,<\/em>&nbsp;se plaignent ces d\u00e9taillants.<\/p>\n\n\n\n<p>Mais, \u00e0 cause d\u2019un manque de travail dans le pays, beaucoup de personnes, surtout des jeunes et des femmes, se r\u00e9jouissent de l\u2019av\u00e8nement du mois b\u00e9ni pour s\u2019investir dans les petits commerces de dattes et autres produits essentiels tr\u00e8s pris\u00e9s par le je\u00fbneur.<\/p>\n\n\n\n<p>Au march\u00e9 Dior des Parcelles des Assainies de Dakar, le produit est pr\u00e9sent, beaucoup de personnes sont devienus vendeurs de dattes. A l\u2019entr\u00e9e de ce march\u00e9 tr\u00e8s populaire, des jeunes exhibant beaucoup de dattes dans des sachets, tablettes ou cartons, souhaitent la bienvenue au visiteur. Ils&nbsp; interceptent les clients \u00e0 qui ils proposent leurs produits.<\/p>\n\n\n\n<p>Un jeune qui r\u00e9pond au nom d\u2019Aly, trouv\u00e9 assis \u00e0 terre,&nbsp; nous explique&nbsp;:&nbsp;<em>\u00abje suis un villageois. Apr\u00e8s la saison des pluies, je viens \u00e0 Dakar pour travailler. Je suis connu comme un vendeur de dattes&nbsp;; m\u00eame apr\u00e8s le Ramadan, je continue de vendre les dattes\u00bb.<\/em><\/p>\n\n\n\n<p>Seulement, la vague de hausse et de chert\u00e9 des prix d\u00e9plor\u00e9e depuis un certain temps n\u2019\u00e9pargne pas les dattes.&nbsp;<em>\u00abIl y a une forte augmentation du prix des dattes, contrairement \u00e0 l\u2019ann\u00e9e derni\u00e8re. Et on ne peut pas tirer profit de ce commerce, avoir des b\u00e9n\u00e9fices comme l\u2019ann\u00e9e pass\u00e9e. Et parfois les clients ignorent l\u2019augmentation des&nbsp; prix et veulent qu\u2019on conserve les prix d\u2019achat de l\u2019ann\u00e9e&nbsp; derni\u00e8re\u00bb<\/em>, regrette-t-il<em>.<\/em><\/p>\n\n\n\n<p>Comme les vendeurs sont partout, apr\u00e8s juste quelques m\u00e8tres, on trouve Bamba qui attend des clients. Ce jeune vendeur de dattes a plusieurs fa\u00e7ons d\u2019inciter les clients \u00e0 choisir ces dattes. Toutefois, interpell\u00e9 sur son activit\u00e9, \u00e0 l\u2019image d\u2019Aly, il souligne lui aussi l\u2019augmentation des prix qui impacte consid\u00e9rablement leurs marges de b\u00e9n\u00e9fices qui sont minimes, comparativement \u00e0 l\u2019ann\u00e9e pass\u00e9e.<\/p>\n\n\n\n<p>A cela s\u2019ajoute la multiplication des vendeurs de dattes pendant le Ramadan&nbsp;; ce qui n\u2019est pas pour arranger les choses.&nbsp;<em>\u00abParfois, il y a des vendeurs qui, s\u2019ils ne parviennent pas \u00e0 vendre leurs stocks durant la p\u00e9riode du Ramadan, pr\u00e9f\u00e8rent garder, les uns, le restant jusqu\u2019\u00e0 l\u2019ann\u00e9e prochaine. Mais les autres prennent le choix de vendre les dattes \u00e0 bas prix, apr\u00e8s le Ramadan, pour s\u2019en d\u00e9barrasser\u00bb<\/em>, rel\u00e8ve Bamba<em>.<\/em><\/p>\n\n\n\n<p><strong>Mao NDIAYE (Stagiaire)<\/strong> <\/p>\n\n\n\n<p>SUDQUOTIDIEN<\/p>\n","protected":false},"excerpt":{"rendered":"<p>Le Ramadan rime souvent avec de petits commerces qui font l\u2019affaire de plusieurs personnes. Hommes et femmes, jeunes et vieux,<\/p>\n","protected":false},"author":1,"featured_media":9071,"comment_status":"open","ping_status":"open","sticky":false,"template":"","format":"standard","meta":{"footnotes":""},"categories":[3],"tags":[],"class_list":["post-9568","post","type-post","status-publish","format-standard","has-post-thumbnail","hentry","category-event-more-news"],"_links":{"self":[{"href":"https:\/\/dekkbi.com\/index.php?rest_route=\/wp\/v2\/posts\/9568","targetHints":{"allow":["GET"]}}],"collection":[{"href":"https:\/\/dekkbi.com\/index.php?rest_route=\/wp\/v2\/posts"}],"about":[{"href":"https:\/\/dekkbi.com\/index.php?rest_route=\/wp\/v2\/types\/post"}],"author":[{"embeddable":true,"href":"https:\/\/dekkbi.com\/index.php?rest_route=\/wp\/v2\/users\/1"}],"replies":[{"embeddable":true,"href":"https:\/\/dekkbi.com\/index.php?rest_route=%2Fwp%2Fv2%2Fcomments&post=9568"}],"version-history":[{"count":1,"href":"https:\/\/dekkbi.com\/index.php?rest_route=\/wp\/v2\/posts\/9568\/revisions"}],"predecessor-version":[{"id":9569,"href":"https:\/\/dekkbi.com\/index.php?rest_route=\/wp\/v2\/posts\/9568\/revisions\/9569"}],"wp:featuredmedia":[{"embeddable":true,"href":"https:\/\/dekkbi.com\/index.php?rest_route=\/wp\/v2\/media\/9071"}],"wp:attachment":[{"href":"https:\/\/dekkbi.com\/index.php?rest_route=%2Fwp%2Fv2%2Fmedia&parent=9568"}],"wp:term":[{"taxonomy":"category","embeddable":true,"href":"https:\/\/dekkbi.com\/index.php?rest_route=%2Fwp%2Fv2%2Fcategories&post=9568"},{"taxonomy":"post_tag","embeddable":true,"href":"https:\/\/dekkbi.com\/index.php?rest_route=%2Fwp%2Fv2%2Ftags&post=9568"}],"curies":[{"name":"wp","href":"https:\/\/api.w.org\/{rel}","templated":true}]}}