{"id":9566,"date":"2023-03-30T12:33:40","date_gmt":"2023-03-30T12:33:40","guid":{"rendered":"https:\/\/dekkbi.com\/?p=9566"},"modified":"2023-03-30T12:33:40","modified_gmt":"2023-03-30T12:33:40","slug":"macky-sall-la-realisation-des-droits-economiques-est-aussi-importante-que-la-promotion-des-droits-et-libertes-civils-et-politiques","status":"publish","type":"post","link":"https:\/\/dekkbi.com\/?p=9566","title":{"rendered":"Macky Sall: \u201cLa r\u00e9alisation des droits \u00e9conomiques (\u2026) est aussi importante que la promotion des droits et libert\u00e9s civils et politiques\u201d"},"content":{"rendered":"\n<p>Le deuxi\u00e8me sommet pour la d\u00e9mocratie s\u2019est ouvert ce mercredi 29 mars. A l\u2019initiative des Etats-Unis, cette rencontre, qui se d\u00e9roule de mani\u00e8re virtuelle, r\u00e9unit plusieurs chefs d\u2019Etats pour \u00e9changer sur les voies et moyens de faire avancer la d\u00e9mocratie dans le monde. Invit\u00e9 par la pr\u00e9sident am\u00e9ricain, Joe Biden, le pr\u00e9sident du S\u00e9n\u00e9gal, Macky Sall a fait part de sa vision \u00e0 ses interlocuteurs. Il a d\u2019abord rappel\u00e9 le contexte mondial, dans lequel intervient cette r\u00e9union, marqu\u00e9 par moult ph\u00e9nom\u00e8nes dont l\u2019invasion ukrainienne, le r\u00e9chauffement climatique mais aussi les d\u00e9rives des r\u00e9seaux sociaux et la mont\u00e9e galopante des \u201cfake news\u201d.<\/p>\n\n\n\n<p>\u201cTous ces facteurs contribuent \u00e0 fragiliser notre pays. De plus, en Afrique, il nous faut conduire en m\u00eame temps l\u2019\u0153uvre de d\u00e9veloppement \u00e9conomique, poursuivre l\u2019effort de construction nationale et pour nombre de nos pays, faire face au p\u00e9ril terroriste\u201d, explique-t-il.<\/p>\n\n\n\n<p>Il ajoute : \u201cC\u2019est dire qu\u2019au-del\u00e0 de l\u2019affirmation des valeurs qui nous rassemblent, nous devons faire preuve de plus de solidarit\u00e9 active si nous voulons prot\u00e9ger notre d\u00e9mocratie contre les menaces qui sapent les institutions \u00e9tatiques, la stabilit\u00e9 politique, l\u2019assise \u00e9conomique et la coh\u00e9sion sociale\u201d.<\/p>\n\n\n\n<p>Le pr\u00e9sident de la r\u00e9publique a tenu \u00e0 pr\u00e9ciser que pour les \u201cpays en d\u00e9veloppement, la r\u00e9alisation des droits \u00e9conomiques, sociaux et culturels est aussi importante que la promotion des droits et libert\u00e9s civils et politiques. L\u2019une et l\u2019autre sont indissociables parce que sans d\u00e9veloppement, la d\u00e9mocratie reste vuln\u00e9rable\u201d.<\/p>\n\n\n\n<p>Cela dit, le chef de l\u2019Etat a r\u00e9affirm\u00e9 que : \u201cS\u00e9n\u00e9gal r\u00e9it\u00e8re son adh\u00e9sion au processus que nous avons su b\u00e2tir comme fondement de nos valeurs partag\u00e9es notamment l\u2019institutionnalisation des syst\u00e8mes de justice r\u00e9actifs, accessibles et cr\u00e9dibles. La consolidation de la coop\u00e9ration internationale en faveur de l\u2019entraide judiciaire et le recouvrement des biens mal acquis. Enfin, le renforcement de la collaboration \u00e0 l\u2019\u00e9chelle internationale et le blanchiment d\u2019argent et la corruption\u201d.<\/p>\n\n\n\n<p>Avant de conclure : \u201csur ces questions et bien d\u2019autres, il n\u2019y a pas de mod\u00e8le achev\u00e9 mais des pratiques et des exp\u00e9riences \u00e0 partager dans notre qu\u00eate d\u2019id\u00e9al d\u00e9mocratique\u201d.<\/p>\n","protected":false},"excerpt":{"rendered":"<p>Le deuxi\u00e8me sommet pour la d\u00e9mocratie s\u2019est ouvert ce mercredi 29 mars. A l\u2019initiative des Etats-Unis, cette rencontre, qui se<\/p>\n","protected":false},"author":1,"featured_media":9171,"comment_status":"open","ping_status":"open","sticky":false,"template":"","format":"standard","meta":{"footnotes":""},"categories":[3],"tags":[],"class_list":["post-9566","post","type-post","status-publish","format-standard","has-post-thumbnail","hentry","category-event-more-news"],"_links":{"self":[{"href":"https:\/\/dekkbi.com\/index.php?rest_route=\/wp\/v2\/posts\/9566","targetHints":{"allow":["GET"]}}],"collection":[{"href":"https:\/\/dekkbi.com\/index.php?rest_route=\/wp\/v2\/posts"}],"about":[{"href":"https:\/\/dekkbi.com\/index.php?rest_route=\/wp\/v2\/types\/post"}],"author":[{"embeddable":true,"href":"https:\/\/dekkbi.com\/index.php?rest_route=\/wp\/v2\/users\/1"}],"replies":[{"embeddable":true,"href":"https:\/\/dekkbi.com\/index.php?rest_route=%2Fwp%2Fv2%2Fcomments&post=9566"}],"version-history":[{"count":1,"href":"https:\/\/dekkbi.com\/index.php?rest_route=\/wp\/v2\/posts\/9566\/revisions"}],"predecessor-version":[{"id":9567,"href":"https:\/\/dekkbi.com\/index.php?rest_route=\/wp\/v2\/posts\/9566\/revisions\/9567"}],"wp:featuredmedia":[{"embeddable":true,"href":"https:\/\/dekkbi.com\/index.php?rest_route=\/wp\/v2\/media\/9171"}],"wp:attachment":[{"href":"https:\/\/dekkbi.com\/index.php?rest_route=%2Fwp%2Fv2%2Fmedia&parent=9566"}],"wp:term":[{"taxonomy":"category","embeddable":true,"href":"https:\/\/dekkbi.com\/index.php?rest_route=%2Fwp%2Fv2%2Fcategories&post=9566"},{"taxonomy":"post_tag","embeddable":true,"href":"https:\/\/dekkbi.com\/index.php?rest_route=%2Fwp%2Fv2%2Ftags&post=9566"}],"curies":[{"name":"wp","href":"https:\/\/api.w.org\/{rel}","templated":true}]}}