{"id":9560,"date":"2023-03-30T12:25:23","date_gmt":"2023-03-30T12:25:23","guid":{"rendered":"https:\/\/dekkbi.com\/?p=9560"},"modified":"2023-03-30T12:25:24","modified_gmt":"2023-03-30T12:25:24","slug":"manifestations-au-senegal-message-de-paix-du-collectif-des-imans-et-oulemas-des-sicap","status":"publish","type":"post","link":"https:\/\/dekkbi.com\/?p=9560","title":{"rendered":"Manifestations au S\u00e9n\u00e9gal : message de paix du collectif des Imans et oulemas des Sicap"},"content":{"rendered":"\n<p>Chers fr\u00e8res et s\u0153urs en islam vue la situation politique actuelle du pays, une situation tr\u00e8s tendue, une situation politique o\u00f9 les acteurs politiques se braquent et bandent leur muscle. Bref, une situation politique qui si on y prend garde peut d\u00e9g\u00e9n\u00e9rer et de mener dans des situations regrettables. Raisons pour laquelle nous collectif des Imams et oul\u00e9mas des sicaps, libert\u00e9, dieupeul lan\u00e7ons un appel solennel aux acteurs politiques tous confondu au calme, \u00e0 la retenue et au sens de responsabilit\u00e9 et surtout encore de privil\u00e9gier le dialogue et la concertation afin d\u2019avoir un climat politique apais\u00e9 d\u2019ici l\u2019horizon 2024 et au-del\u00e0 m\u00eame. Nous leur lan\u00e7ons un appel \u00e9galement \u00e0 bannir la haine et la violence sous toutes ses formes. Qu\u2019ils sachent qu\u2019ils sont des adversaires politiques et non des ennemis, li\u00e9s pour la plupart par des liens de parent\u00e9, d\u2019amiti\u00e9 et de bon voisinage. De ce fait privil\u00e9gions la concertation \u00e0 la place de la confrontation. Car dans la confrontation personne ne va y sortir victorieuse. Allah swt nous dit : &lt;&lt; Mettez-vous \u00e0 l\u2019abris de la violence qui n\u2019atteint pas forc\u00e9ment que ceux d\u2019entre vous qui ont \u00e9taient injustes.<\/p>\n\n\n\n<p>Le proph\u00e8te MA nous a dit que la violence est entrain de dormir tranquillement dans son coin. Allah swt a maudit toute personne qui la d\u00e9cr\u00e8te. Notre pays le S\u00e9n\u00e9gal est le verrou de l\u2019Afrique de l\u2019ouest, s\u2019il saute toute la r\u00e9gion ouest Africaine sera affect\u00e9e et d\u00e9stabilis\u00e9e. Donc nous devons \u0153uvrer pour la consolidation de la paix et de la stabilit\u00e9 de notre pays par le respect de nos autorit\u00e9s religieuses, et surtout encore sensibiliser notre jeunesse aux principes du civisme et de la citoyennet\u00e9.<\/p>\n\n\n\n<p>Nous avons entam\u00e9 le mois de ramadan, qui est un mois b\u00e9ni, d\u2019une grande importance car c\u2019est en ce mois que le coran a \u00e9t\u00e9 r\u00e9v\u00e9l\u00e9 au proph\u00e8te MA pour servir de bonne direction aux hommes. Allah swt dit : le mois de ramadan est celui au cour duquel le coran fut r\u00e9v\u00e9l\u00e9 au proph\u00e8te MA pour s\u00e9vir de bonne direction aux hommes, d\u2019explication claires aux pr\u00e9ceptes divins, mais aussi de crit\u00e8res \u00e0 la v\u00e9rit\u00e9 et \u00e0 l\u2019erreur. Donc profitons-en pour nous repentir de nos p\u00each\u00e9s, pour se donner tous la main et chasser en nous toutes id\u00e9es de haine, de jalousie et de m\u00e9chancet\u00e9 afin qu\u2019Allah swt pr\u00e9serve le S\u00e9n\u00e9gal et l\u2019ensemble des pays de la sous-r\u00e9gion.<\/p>\n\n\n\n<p><\/p>\n\n\n\n<p>LESOLEIL<\/p>\n","protected":false},"excerpt":{"rendered":"<p>Chers fr\u00e8res et s\u0153urs en islam vue la situation politique actuelle du pays, une situation tr\u00e8s tendue, une situation politique<\/p>\n","protected":false},"author":1,"featured_media":9561,"comment_status":"open","ping_status":"open","sticky":false,"template":"","format":"standard","meta":{"footnotes":""},"categories":[21],"tags":[],"class_list":["post-9560","post","type-post","status-publish","format-standard","has-post-thumbnail","hentry","category-societe"],"_links":{"self":[{"href":"https:\/\/dekkbi.com\/index.php?rest_route=\/wp\/v2\/posts\/9560","targetHints":{"allow":["GET"]}}],"collection":[{"href":"https:\/\/dekkbi.com\/index.php?rest_route=\/wp\/v2\/posts"}],"about":[{"href":"https:\/\/dekkbi.com\/index.php?rest_route=\/wp\/v2\/types\/post"}],"author":[{"embeddable":true,"href":"https:\/\/dekkbi.com\/index.php?rest_route=\/wp\/v2\/users\/1"}],"replies":[{"embeddable":true,"href":"https:\/\/dekkbi.com\/index.php?rest_route=%2Fwp%2Fv2%2Fcomments&post=9560"}],"version-history":[{"count":1,"href":"https:\/\/dekkbi.com\/index.php?rest_route=\/wp\/v2\/posts\/9560\/revisions"}],"predecessor-version":[{"id":9562,"href":"https:\/\/dekkbi.com\/index.php?rest_route=\/wp\/v2\/posts\/9560\/revisions\/9562"}],"wp:featuredmedia":[{"embeddable":true,"href":"https:\/\/dekkbi.com\/index.php?rest_route=\/wp\/v2\/media\/9561"}],"wp:attachment":[{"href":"https:\/\/dekkbi.com\/index.php?rest_route=%2Fwp%2Fv2%2Fmedia&parent=9560"}],"wp:term":[{"taxonomy":"category","embeddable":true,"href":"https:\/\/dekkbi.com\/index.php?rest_route=%2Fwp%2Fv2%2Fcategories&post=9560"},{"taxonomy":"post_tag","embeddable":true,"href":"https:\/\/dekkbi.com\/index.php?rest_route=%2Fwp%2Fv2%2Ftags&post=9560"}],"curies":[{"name":"wp","href":"https:\/\/api.w.org\/{rel}","templated":true}]}}