{"id":9556,"date":"2023-03-30T12:11:41","date_gmt":"2023-03-30T12:11:41","guid":{"rendered":"https:\/\/dekkbi.com\/?p=9556"},"modified":"2023-03-30T12:29:10","modified_gmt":"2023-03-30T12:29:10","slug":"rapport-annuel-2022-damnesty-international-la-liberte-dexpression-a-ete-malmenee-et-restreinte-au-senegal","status":"publish","type":"post","link":"https:\/\/dekkbi.com\/?p=9556","title":{"rendered":"S\u00e9n\u00e9gal &#8211; Rapport annuel 2022 d\u2019Amnesty international"},"content":{"rendered":"\n<h3 class=\"wp-block-heading\">Amnesty International a publi\u00e9 hier son rapport annuel 2022, qui a mis en \u00e9vidence l\u2019existence d\u2019in\u00e9galit\u00e9s de traitement en mati\u00e8re de droits humains \u00e0 travers le monde. Au S\u00e9n\u00e9gal, l\u2019organisation a constat\u00e9 que la libert\u00e9 d\u2019expression a \u00e9t\u00e9 \u00abmalmen\u00e9e et restreinte au cours de l\u2019ann\u00e9e 2022\u00bb, soulignant que la situation ne semble gu\u00e8re s\u2019am\u00e9liorer cette ann\u00e9e.<\/h3>\n\n\n\n<p>Le rapport 2022 d\u2019Amnesty International a \u00e9t\u00e9 publi\u00e9 hier. Le document note que les autorit\u00e9s ont fait appel \u00e0 diff\u00e9rentes strat\u00e9gies pour r\u00e9duire au silence les voix dissidentes dans le monde entier. En Afrique subsaharienne, la r\u00e9pression a aussi touch\u00e9 des journalistes, des d\u00e9fenseurs des droits humains et des opposants politiques dans plusieurs pays comme le S\u00e9n\u00e9gal.<\/p>\n\n\n\n<p>La mort de nombreux manifestants attribu\u00e9e au recours excessif \u00e0 la force par les forces de s\u00e9curit\u00e9, a \u00e9t\u00e9 signal\u00e9e dans plusieurs pays. Selon le Directeur ex\u00e9cutif d\u2019Amnesty international, Section S\u00e9n\u00e9gal, la libert\u00e9 d\u2019expression a \u00e9t\u00e9 malmen\u00e9e et restreinte au cours de l\u2019ann\u00e9e 2022 au S\u00e9n\u00e9gal et la situation ne semble gu\u00e8re s\u2019am\u00e9liorer cette ann\u00e9e.<\/p>\n\n\n\n<p>\u00ab<em>On a appris encore l\u2019interdiction de manifestations de partis politiques pour les m\u00eames raisons : troubles \u00e0 l\u2019ordre public alors que le pays dispose suffisamment de forces de s\u00e9curit\u00e9 pour encadrer les manifestations. L\u2019Etat a recrut\u00e9 6 000 policiers et gendarmes en 2022 et il en a recrut\u00e9 6 000 autres cette ann\u00e9e. On ne peut plus \u00e9voquer le manque de forces de s\u00e9curit\u00e9 pour encadrer les manifestations<\/em>\u00bb, a d\u00e9clar\u00e9 Seydi Gassama.<\/p>\n\n\n\n<p>Pour lui, c\u2019est \u00ab<em>la n\u00e9gation d\u2019une libert\u00e9 fondamentale<\/em>\u00bb qui est garantie par la Constitution, et donc, l\u2019exercice \u00e0 tendance \u00e0 \u00eatre criminalis\u00e9. \u00ab<em>On a entendu Isma\u00efla Madior Fall dire que les manifestants \u00e9taient des fauteurs de trouble. Lorsqu\u2019un ministre de la Justice, un constitutionnaliste en plus, consid\u00e8re que l\u2019exercice d\u2019un droit constitutionnel constitue une infraction p\u00e9nale, c\u2019est extr\u00eamement inqui\u00e9tant<\/em>\u00bb, a-t-il soulign\u00e9.<\/p>\n\n\n\n<p>Le Directeur de Amnesty International\/S\u00e9n\u00e9gal dit avoir l\u2019impression qu\u2019avec l\u2019utilisation des d\u00e9lits de diffamation, de diffusion de fausses nouvelles, entre autres, \u00ab<em>le r\u00e9gime veut faire taire toute voix discordante<\/em>\u00bb.<\/p>\n\n\n\n<p>Fouille des comptes Facebook, Twitter\u2026<\/p>\n\n\n\n<p>M. Gassama se dit \u00ab<em>extr\u00eamement pr\u00e9occup\u00e9 par ces atteintes r\u00e9p\u00e9t\u00e9es \u00e0 la libert\u00e9 d\u2019expression et les emprisonnements de journalistes<\/em>\u00bb. Il ajoute : \u00ab<em>Il y a toute une brigade qui suit aujourd\u2019hui certains activistes, qui fouille les profils Facebook, Twitter, \u00e0 la recherche de la moindre d\u00e9claration consid\u00e9r\u00e9e comme fausse nouvelle ou diffamation, appel \u00e0 l\u2019insurrection ou une atteinte \u00e0 la s\u00fbret\u00e9 de l\u2019Etat. Parfois on montre des d\u00e9clarations qui datent de plusieurs mois pour interpeler des personnes. C\u2019est une situation pr\u00e9occupante<\/em>\u00bb, a-t-il ajout\u00e9.<\/p>\n\n\n\n<p>Ce qui est davantage inqui\u00e9tant pour Seydi Gassama, \u00ab<em>c\u2019est la mani\u00e8re donc le parquet est instrumentalis\u00e9 : arr\u00eater des personnes, les accuser de d\u00e9lit de diffamation ou de diffusion de fausses nouvelles, alors que dans toute d\u00e9mocratie, la justice est le dernier rempart des citoyens contre les abus et les atteintes aux droits humains&nbsp;<\/em>\u00bb.<\/p>\n\n\n\n<p><strong>Bes Bi<\/strong><\/p>\n","protected":false},"excerpt":{"rendered":"<p>Amnesty International a publi\u00e9 hier son rapport annuel 2022, qui a mis en \u00e9vidence l\u2019existence d\u2019in\u00e9galit\u00e9s de traitement en mati\u00e8re<\/p>\n","protected":false},"author":1,"featured_media":5331,"comment_status":"open","ping_status":"open","sticky":false,"template":"","format":"standard","meta":{"footnotes":""},"categories":[21],"tags":[],"class_list":["post-9556","post","type-post","status-publish","format-standard","has-post-thumbnail","hentry","category-societe"],"_links":{"self":[{"href":"https:\/\/dekkbi.com\/index.php?rest_route=\/wp\/v2\/posts\/9556","targetHints":{"allow":["GET"]}}],"collection":[{"href":"https:\/\/dekkbi.com\/index.php?rest_route=\/wp\/v2\/posts"}],"about":[{"href":"https:\/\/dekkbi.com\/index.php?rest_route=\/wp\/v2\/types\/post"}],"author":[{"embeddable":true,"href":"https:\/\/dekkbi.com\/index.php?rest_route=\/wp\/v2\/users\/1"}],"replies":[{"embeddable":true,"href":"https:\/\/dekkbi.com\/index.php?rest_route=%2Fwp%2Fv2%2Fcomments&post=9556"}],"version-history":[{"count":3,"href":"https:\/\/dekkbi.com\/index.php?rest_route=\/wp\/v2\/posts\/9556\/revisions"}],"predecessor-version":[{"id":9564,"href":"https:\/\/dekkbi.com\/index.php?rest_route=\/wp\/v2\/posts\/9556\/revisions\/9564"}],"wp:featuredmedia":[{"embeddable":true,"href":"https:\/\/dekkbi.com\/index.php?rest_route=\/wp\/v2\/media\/5331"}],"wp:attachment":[{"href":"https:\/\/dekkbi.com\/index.php?rest_route=%2Fwp%2Fv2%2Fmedia&parent=9556"}],"wp:term":[{"taxonomy":"category","embeddable":true,"href":"https:\/\/dekkbi.com\/index.php?rest_route=%2Fwp%2Fv2%2Fcategories&post=9556"},{"taxonomy":"post_tag","embeddable":true,"href":"https:\/\/dekkbi.com\/index.php?rest_route=%2Fwp%2Fv2%2Ftags&post=9556"}],"curies":[{"name":"wp","href":"https:\/\/api.w.org\/{rel}","templated":true}]}}