{"id":9551,"date":"2023-03-30T11:58:32","date_gmt":"2023-03-30T11:58:32","guid":{"rendered":"https:\/\/dekkbi.com\/?p=9551"},"modified":"2023-03-30T12:41:49","modified_gmt":"2023-03-30T12:41:49","slug":"ousmane-sonko-finalement-condamne-a-2-mois-de-prison","status":"publish","type":"post","link":"https:\/\/dekkbi.com\/?p=9551","title":{"rendered":"Ousmane Sonko finalement condamn\u00e9 \u00e0 2 mois de prison!"},"content":{"rendered":"\n<p>iGFM &#8211; (Dakar) Ousmane Sonko a \u00e9t\u00e9 finalement condamn\u00e9 \u00e0 deux mois de prison avec sursis plus 200 millions de francs Cfa de dommages et int\u00e9r\u00eats \u00e0 payer \u00e0 Mame Mbaye Niang. Le proc\u00e8s vient de prendre fin.<\/p>\n\n\n\n<p>\u00abLe verdict c\u2019est la condamnation de monsieur Ousmane Sonko \u00e0 deux mois avec sursis et \u00e0 la somme de 200 millions de francs Cfa \u00a0de dommages et int\u00e9r\u00eats \u00e0 payer \u00e0 Mame Mbaye Niang. Nous, nous avons gagn\u00e9. Le tribunal a constat\u00e9 le mensonge, la diffamation de Sonko. Il a toujours racont\u00e9 des histoires. Le tribunal a montr\u00e9 que \u00a0Mame mbaye Niang a eu raison d\u2019attraire monsieur Ousmane Sonko au Tribunal\u00bb, a d\u00e9clar\u00e9 Me Elhadj Diouf.\u00a0<\/p>\n\n\n\n<p class=\"has-medium-font-size\"> \u00ab\u00a0Sonko jouit toujours de ses droits civiques et politiques\u00a0\u00bb<\/p>\n\n\n\n<p><strong>\u00c9ligibilit\u00e9 ou non reste \u00e0 savoir. Mais si l\u2019on en croit Me Olivier Sur, un des avocats de Mame Mbaye Niang, le leader de Pastef n\u2019a pas perdu ses droits civiques\u2026<\/strong><\/p>\n\n\n\n<p><em>\u00ab&nbsp;Nous sommes satisfaits de cette d\u00e9cision de la justice pour deux raisons. La premi\u00e8re raison est le fait que la diffamation est un d\u00e9lit lourd et il fallait condamner et il (Ousmane Sonko, Ndlr) fut condamn\u00e9. La deuxi\u00e8me source de satisfaction c\u2019est que cette condamnation est lourde parce qu\u2019il y\u2019a le mot prison m\u00eame si c\u2019est avec sursis&nbsp;\u00bb<\/em>, a-t-il d\u2019abord expliqu\u00e9.<\/p>\n\n\n\n<p>Avant de poursuivre : \u00ab&nbsp;Mais pour autant cette condamnation est mesur\u00e9e \u00e0 tel point qu\u2019elle ne le prive pas (Ousmane Sonko) de ses ses droits civiques et politiques. Les juges n\u2019ont pas rendu une d\u00e9cision politique mais judiciaire et le r\u00f4le d\u2019un juge c\u2019est d\u2019apaiser. S\u2019il avait pris une autre d\u00e9cision plus lourde peut-\u00eatre le pays se serait enflamm\u00e9. Donc, bravo au juge !&nbsp;\u00bb.<\/p>\n\n\n\n<h3 class=\"wp-block-heading\" id=\"reply-title\"><small><\/small><\/h3>\n","protected":false},"excerpt":{"rendered":"<p>iGFM &#8211; (Dakar) Ousmane Sonko a \u00e9t\u00e9 finalement condamn\u00e9 \u00e0 deux mois de prison avec sursis plus 200 millions de<\/p>\n","protected":false},"author":1,"featured_media":7066,"comment_status":"open","ping_status":"open","sticky":false,"template":"","format":"standard","meta":{"footnotes":""},"categories":[26],"tags":[],"class_list":["post-9551","post","type-post","status-publish","format-standard","has-post-thumbnail","hentry","category-fait-divers"],"_links":{"self":[{"href":"https:\/\/dekkbi.com\/index.php?rest_route=\/wp\/v2\/posts\/9551","targetHints":{"allow":["GET"]}}],"collection":[{"href":"https:\/\/dekkbi.com\/index.php?rest_route=\/wp\/v2\/posts"}],"about":[{"href":"https:\/\/dekkbi.com\/index.php?rest_route=\/wp\/v2\/types\/post"}],"author":[{"embeddable":true,"href":"https:\/\/dekkbi.com\/index.php?rest_route=\/wp\/v2\/users\/1"}],"replies":[{"embeddable":true,"href":"https:\/\/dekkbi.com\/index.php?rest_route=%2Fwp%2Fv2%2Fcomments&post=9551"}],"version-history":[{"count":2,"href":"https:\/\/dekkbi.com\/index.php?rest_route=\/wp\/v2\/posts\/9551\/revisions"}],"predecessor-version":[{"id":9572,"href":"https:\/\/dekkbi.com\/index.php?rest_route=\/wp\/v2\/posts\/9551\/revisions\/9572"}],"wp:featuredmedia":[{"embeddable":true,"href":"https:\/\/dekkbi.com\/index.php?rest_route=\/wp\/v2\/media\/7066"}],"wp:attachment":[{"href":"https:\/\/dekkbi.com\/index.php?rest_route=%2Fwp%2Fv2%2Fmedia&parent=9551"}],"wp:term":[{"taxonomy":"category","embeddable":true,"href":"https:\/\/dekkbi.com\/index.php?rest_route=%2Fwp%2Fv2%2Fcategories&post=9551"},{"taxonomy":"post_tag","embeddable":true,"href":"https:\/\/dekkbi.com\/index.php?rest_route=%2Fwp%2Fv2%2Ftags&post=9551"}],"curies":[{"name":"wp","href":"https:\/\/api.w.org\/{rel}","templated":true}]}}