{"id":9541,"date":"2023-03-30T10:48:28","date_gmt":"2023-03-30T10:48:28","guid":{"rendered":"https:\/\/dekkbi.com\/?p=9541"},"modified":"2023-03-30T10:48:29","modified_gmt":"2023-03-30T10:48:29","slug":"communique-du-conseil-des-ministres-du-29-mars-2023","status":"publish","type":"post","link":"https:\/\/dekkbi.com\/?p=9541","title":{"rendered":"Communiqu\u00e9 du Conseil des ministres du 29 Mars 2023"},"content":{"rendered":"\n<h3 class=\"wp-block-heading\">Le Conseil des ministres s\u2019est tenu ce mercredi 29 mars 2023 au Palais de la R\u00e9publique, sous la pr\u00e9sidence du Chef de l\u2019Etat, son Excellence, Monsieur Macky SALL.<\/h3>\n\n\n\n<p>A l\u2019entame de sa communication, le Pr\u00e9sident de la R\u00e9publique a adress\u00e9 ses chaleureuses f\u00e9licitations aux \u00ab LIONS \u00bb du football, pour leur brillante qualification \u00e0 la Coupe d\u2019Afrique des Nations (CAN) 2023 en C\u00f4te d\u2019Ivoire.<\/p>\n\n\n\n<p>Abordant l\u2019acc\u00e9l\u00e9ration de l\u2019ex\u00e9cution des projets d\u2019\u00e9lectrification rurale, le Chef de l\u2019Etat a rappel\u00e9 au Gouvernement la priorit\u00e9 qu\u2019il accorde \u00e0 l\u2019acc\u00e8s universel \u00e0 l\u2019\u00e9lectricit\u00e9.<\/p>\n\n\n\n<p>A cet effet, le Pr\u00e9sident de la R\u00e9publique a demand\u00e9 au Ministre du P\u00e9trole et des Energies, d\u2019acc\u00e9l\u00e9rer, avec le concours de toutes les entit\u00e9s publiques, la mise en \u0153uvre du Programme d\u2019Urgence d\u2019Electrification rurale dans une dynamique d\u2019am\u00e9lioration du taux d\u2019acc\u00e8s \u00e0 l\u2019\u00e9lectricit\u00e9 avec le raccordement prochain de plusieurs localit\u00e9s du pays.<\/p>\n\n\n\n<p>En outre, le Chef de l\u2019Etat a indiqu\u00e9, la n\u00e9cessit\u00e9 d\u2019\u00e9valuer les concessions d\u2019\u00e9lectrification rurale ainsi que les actions de l\u2019Agence S\u00e9n\u00e9galaise d\u2019\u00e9lectrification rurale (ASER) dans une optique d\u2019optimisation des interventions publiques en mati\u00e8re d\u2019acc\u00e8s universel \u00e0 l\u2019\u00e9lectricit\u00e9.<\/p>\n\n\n\n<p>Dans cette perspective, le Pr\u00e9sident de la R\u00e9publique a demand\u00e9 au Ministre du P\u00e9trole et des Energies de faire un compte rendu mensuel en Conseil des Ministres, de l\u2019\u00e9tat d\u2019ex\u00e9cution des projets d\u2019\u00e9lectrification au regard des priorit\u00e9s d\u00e9finies et de l\u2019objectif national d\u2019\u00e9lectrification rurale \u00e0 l\u2019horizon 2025.<\/p>\n\n\n\n<p>Poursuivant sa communication sur la relance et le d\u00e9veloppement durable de l\u2019aquaculture, le Chef de l\u2019Etat a salu\u00e9 les efforts notables consentis par l\u2019Agence nationale de l\u2019Aquaculture (ANA) pour assurer l\u2019am\u00e9nagement des p\u00e9rim\u00e8tres aquacoles et la mobilisation des acteurs, notamment les jeunes, autour de la gestion des sites agr\u00e9\u00e9s et du renforcement de la production d\u2019intrants et de produits halieutiques.<\/p>\n\n\n\n<p>Dans cet \u00e9lan, le Pr\u00e9sident de la R\u00e9publique a demand\u00e9, aux Ministres en charge des P\u00eaches et du Budget, de prendre les mesures n\u00e9cessaires pour accro\u00eetre les ressources allou\u00e9es au Programme national de d\u00e9veloppement de l\u2019Aquaculture.<\/p>\n\n\n\n<p>A cet \u00e9gard, le Chef de l\u2019Etat a soulign\u00e9 que l\u2019Aquaculture doit contribuer, de fa\u00e7on significative, \u00e0 l\u2019atteinte de nos objectifs en mati\u00e8re de souverainet\u00e9 alimentaire, de cr\u00e9ation d\u2019emplois et de promotion de l\u2019entreprenariat.<br>A cet effet, le Pr\u00e9sident de la R\u00e9publique a invit\u00e9 le Ministre des P\u00eaches \u00e0 accentuer la mont\u00e9e en puissance du sous-secteur de l\u2019Aquaculture en veillant, notamment, \u00e0 :<\/p>\n\n\n\n<p>1. la normalisation des am\u00e9nagements, des zones de production et de la gestion des sites aquacoles ;<br>2. l\u2019accroissement des productions, la maitrise des statistiques, des circuits de commercialisation des intrants et produits aquacoles de qualit\u00e9 ;<\/p>\n\n\n\n<p>3. l\u2019adoption, avant fin juin 2023, d\u2019une nouvelle Strat\u00e9gie nationale de D\u00e9veloppement durable de l\u2019Aquaculture, dans un esprit d\u2019intensification et de valorisation de la production \u00e0 travers le renforcement du Partenariat Public-Priv\u00e9.<\/p>\n\n\n\n<p>Abordant le suivi des reformes de l\u2019environnement des affaires et du d\u00e9veloppement du secteur priv\u00e9, le Chef de l\u2019Etat a rappel\u00e9 l\u2019importance accord\u00e9e \u00e0 l\u2019am\u00e9lioration de l\u2019environnement des affaires et au d\u00e9veloppement du secteur priv\u00e9 national.<\/p>\n\n\n\n<p>1 Communiqu\u00e9 du Conseil des Ministres du 29 Mars 2023<\/p>\n\n\n\n<p>D\u00e8s lors, le Pr\u00e9sident de la R\u00e9publique a demand\u00e9 au Premier Ministre d\u2019accentuer les efforts de suivi de la mise en \u0153uvre du Programme de R\u00e9formes de l\u2019Environnement des Affaires et de la Comp\u00e9titivit\u00e9 (PREAC), dont le monitoring est effectif au niveau de APIX SA, afin d\u2019acc\u00e9l\u00e9rer la r\u00e9alisation des actions et r\u00e9formes attendue des minist\u00e8res.<\/p>\n\n\n\n<p>Le Pr\u00e9sident de la R\u00e9publique a \u00e9galement demand\u00e9 au Ministre de l\u2019Economie, du Plan et de la Coop\u00e9ration de finaliser, sous la supervision du Premier Ministre, le projet de Strat\u00e9gie nationale de D\u00e9veloppement du Secteur priv\u00e9 en ad\u00e9quation avec l\u2019\u00e9mergence de l\u2019\u00e9conomie p\u00e9troli\u00e8re et gazi\u00e8re et en coh\u00e9rence avec la Strat\u00e9gie nationale d\u2019industrialisation.<\/p>\n\n\n\n<p>Le Chef de l\u2019Etat a inform\u00e9 le Conseil de l\u2019audience prochaine qu\u2019il accordera, courant avril 2023, aux dirigeants des organisations patronales en vue de consolider le dialogue permanent entre l\u2019Etat et le Secteur priv\u00e9.<br>Revenant sur la Conf\u00e9rence des Nations unies sur l\u2019Eau, le Chef de l\u2019Etat a salu\u00e9 la brillante participation du S\u00e9n\u00e9gal \u00e0 cet \u00e9v\u00e8nement majeur qui s\u2019est d\u00e9roul\u00e9, du 22 au 24 mars 2023 \u00e0 New York.<\/p>\n\n\n\n<p>Le Pr\u00e9sident de la R\u00e9publique a ainsi f\u00e9licit\u00e9 le Ministre de l\u2019Eau et de l\u2019Assainissement Serigne Mbaye Thiam et l\u2019ensemble de la d\u00e9l\u00e9gation s\u00e9n\u00e9galaise pour le leadership de notre pays sur la th\u00e9matique de l\u2019Eau, objet de cette importante rencontre internationale, qui fait suite \u00e0 la tenue, l\u2019ann\u00e9e derni\u00e8re \u00e0 Dakar, du 9\u00e8me Forum Mondial de l\u2019Eau.<\/p>\n\n\n\n<p>S\u2019agissant du climat social, de la gestion et du suivi des affaires int\u00e9rieures, le Chef de l\u2019Etat est revenu sur les sujets suivants :<\/p>\n\n\n\n<p>? l\u2019\u00e9ducation religieuse au S\u00e9n\u00e9gal et le suivi du programme d\u2019assistance aux daaras : en demandant au Ministre de l\u2019Education nationale, dans le cadre de la r\u00e9forme des programmes scolaires en cours, d\u2019engager des concertations sp\u00e9cifiques avec toutes les parties prenantes, en vue de l\u2019\u00e9valuation et du renforcement de l\u2019\u00e9ducation religieuse dans le syst\u00e8me \u00e9ducatif. Le Pr\u00e9sident de la R\u00e9publique a signal\u00e9, par ailleurs, l\u2019urgence de finaliser, en avril 2023, le recensement des daaras ;<\/p>\n\n\n\n<p>? la pr\u00e9paration de la c\u00e9l\u00e9bration de la f\u00eate du travail : en demandant au Premier Ministre, de r\u00e9unir les ministres et acteurs publics concern\u00e9s, en vue de l\u2019examen de l\u2019\u00e9tat de prise en charge des dol\u00e9ances sectorielles des centrales syndicales.<\/p>\n\n\n\n<p>Dans sa communication, le Premier Ministre est revenu sur le suivi de la coordination de l\u2019activit\u00e9 gouvernementale en \u00e9voquant :<\/p>\n\n\n\n<p>les travaux du groupe de travail sur la croissance \u00e9conomique ;<\/p>\n\n\n\n<p>la r\u00e9union interminist\u00e9rielle sur les Zones \u00e9conomiques sp\u00e9ciales ;<\/p>\n\n\n\n<p>la r\u00e9union interminist\u00e9rielle sur le secteur de l\u2019\u00e9nergie ;<\/p>\n\n\n\n<p>la r\u00e9union minist\u00e9rielle sur la r\u00e9gulation et le contr\u00f4le des points de vente de carburant ;<\/p>\n\n\n\n<p><strong>AU TITRE DES COMMUNICATIONS DES MINISTRES<\/strong><\/p>\n\n\n\n<p>le Ministre des Affaires \u00e9trang\u00e8res et des S\u00e9n\u00e9galais de l\u2019Ext\u00e9rieur a fait une communication sur les pr\u00e9paratifs du p\u00e8lerinage aux Lieux saints de l\u2019Islam ;<\/p>\n\n\n\n<p>le Ministre de l\u2019Agriculture, de l\u2019Equipement rural et de la Souverainet\u00e9 alimentaire a fait une communication sur la pr\u00e9paration de la campagne agricole 2023-2024, le suivi de la campagne commercialisation de l\u2019arachide 2022\/2023 et des exportations de produits horticoles; le Ministre de l\u2019Economie, du Plan et de la Coop\u00e9ration a fait une communication sur le lancement officiel du premier appel \u00e0 projets en Partenariat Public Priv\u00e9 (PPP) des collectivit\u00e9s territoriales;<\/p>\n\n\n\n<p>le Ministre de le Culture et du patrimoine historique class\u00e9 a fait une communication sur la mise en \u0153uvre de la R\u00e9mun\u00e9ration pour Copie priv\u00e9e;<\/p>\n\n\n\n<p>Communiqu\u00e9 du Conseil des Ministres du 29 Mars<\/p>\n\n\n\n<p>? le Ministre de la Communication et de l\u2019Economie num\u00e9rique a fait une communication sur le projet \u00ab Smart S\u00e9n\u00e9gal \u00bb.<\/p>\n\n\n\n<p><strong>AU TITRE DES TEXTES LEGISLATIFS ET REGLEMENTAIRES<\/strong><\/p>\n\n\n\n<p>Le Conseil a examin\u00e9 et adopt\u00e9 :<\/p>\n\n\n\n<p>? le projet de d\u00e9cret fixant les r\u00e8gles d\u2019organisation et de fonctionnement de l\u2019Autorit\u00e9 de R\u00e9gulation de la Commande publique ;<\/p>\n\n\n\n<p>? le projet de d\u00e9cret portant cr\u00e9ation et fixant les r\u00e8gles d\u2019organisation du Programme national de d\u00e9veloppement des Agropoles ;<\/p>\n\n\n\n<p>? le projet de d\u00e9cret portant cr\u00e9ation et fixant les r\u00e8gles d\u2019organisation de l\u2019Agence s\u00e9n\u00e9galaise d\u2019\u00e9tudes spatiales ;<br>? le projet de d\u00e9cret portant cr\u00e9ation et fixant les r\u00e8gles d\u2019organisation de fonctionnement du Haut Conseil Pr\u00e9sidentiel pour l\u2019Industrialisation ;<\/p>\n\n\n\n<p>? le projet de d\u00e9cret fixant les r\u00e8gles d\u2019organisation et de fonctionnement de la D\u00e9l\u00e9gation g\u00e9n\u00e9rale \u00e0 la Protection sociale et \u00e0 la Solidarit\u00e9 nationale;<\/p>\n\n\n\n<p>? le projet de d\u00e9cret relatif au Programme national de Bourses de S\u00e9curit\u00e9 familiale;<\/p>\n\n\n\n<p>? le projet de d\u00e9cret instituant un r\u00e9gime de couverture non-contributif pour les m\u00e9nages b\u00e9n\u00e9ficiaires du Programme national de Bourses de S\u00e9curit\u00e9 familiale et les titulaires de la Carte d\u2019\u00c9galit\u00e9 des Chances;<\/p>\n\n\n\n<p>? le projet de d\u00e9cret fixant les conditions et modalit\u00e9s d\u2019exercice des activit\u00e9s des segments<br>interm\u00e9diaire et aval du secteur gazier;<\/p>\n\n\n\n<p>? le projet de d\u00e9cret fixant les conditions de raccordement au syst\u00e8me gazier et les conditions d\u2019acc\u00e8s des tiers aux infrastructures de transformation, transport et stockage;<\/p>\n\n\n\n<p>? le projet de d\u00e9cret fixant les modalit\u00e9s de d\u00e9termination, de r\u00e9vision et de suivi de la mise en \u0153uvre des tarifs d\u2019utilisation des infrastructures gaziers et du prix de cession du gaz naturel provenant de la production locale ;<\/p>\n\n\n\n<p>? le projet de d\u00e9cret portant \u00e9rection de la Pharmacie nationale d\u2019Approvisionnement en Etablissement public \u00e0 caract\u00e8re industriel et commercial.<\/p>\n\n\n\n<p><\/p>\n","protected":false},"excerpt":{"rendered":"<p>Le Conseil des ministres s\u2019est tenu ce mercredi 29 mars 2023 au Palais de la R\u00e9publique, sous la pr\u00e9sidence du<\/p>\n","protected":false},"author":1,"featured_media":0,"comment_status":"open","ping_status":"open","sticky":false,"template":"","format":"standard","meta":{"footnotes":""},"categories":[6],"tags":[],"class_list":["post-9541","post","type-post","status-publish","format-standard","hentry","category-politics"],"_links":{"self":[{"href":"https:\/\/dekkbi.com\/index.php?rest_route=\/wp\/v2\/posts\/9541","targetHints":{"allow":["GET"]}}],"collection":[{"href":"https:\/\/dekkbi.com\/index.php?rest_route=\/wp\/v2\/posts"}],"about":[{"href":"https:\/\/dekkbi.com\/index.php?rest_route=\/wp\/v2\/types\/post"}],"author":[{"embeddable":true,"href":"https:\/\/dekkbi.com\/index.php?rest_route=\/wp\/v2\/users\/1"}],"replies":[{"embeddable":true,"href":"https:\/\/dekkbi.com\/index.php?rest_route=%2Fwp%2Fv2%2Fcomments&post=9541"}],"version-history":[{"count":1,"href":"https:\/\/dekkbi.com\/index.php?rest_route=\/wp\/v2\/posts\/9541\/revisions"}],"predecessor-version":[{"id":9542,"href":"https:\/\/dekkbi.com\/index.php?rest_route=\/wp\/v2\/posts\/9541\/revisions\/9542"}],"wp:attachment":[{"href":"https:\/\/dekkbi.com\/index.php?rest_route=%2Fwp%2Fv2%2Fmedia&parent=9541"}],"wp:term":[{"taxonomy":"category","embeddable":true,"href":"https:\/\/dekkbi.com\/index.php?rest_route=%2Fwp%2Fv2%2Fcategories&post=9541"},{"taxonomy":"post_tag","embeddable":true,"href":"https:\/\/dekkbi.com\/index.php?rest_route=%2Fwp%2Fv2%2Ftags&post=9541"}],"curies":[{"name":"wp","href":"https:\/\/api.w.org\/{rel}","templated":true}]}}