{"id":9538,"date":"2023-03-30T10:45:02","date_gmt":"2023-03-30T10:45:02","guid":{"rendered":"https:\/\/dekkbi.com\/?p=9538"},"modified":"2023-03-30T10:45:04","modified_gmt":"2023-03-30T10:45:04","slug":"sommet-pour-la-democratie-le-president-macky-sall-insiste-sur-la-necessite-de-conduire-loeuvre-de-developpement-economique-et-leffort-de-construction-nationale","status":"publish","type":"post","link":"https:\/\/dekkbi.com\/?p=9538","title":{"rendered":"Sommet pour la D\u00e9mocratie: Le Pr\u00e9sident Macky Sall insiste sur la n\u00e9cessit\u00e9 de conduire l\u2019\u0153uvre de d\u00e9veloppement \u00e9conomique et l\u2019effort de construction nationale"},"content":{"rendered":"\n<h3 class=\"wp-block-heading\">Le Pr\u00e9sident Macky Sall sur invitation de Joe Biden, a particip\u00e9 au deuxi\u00e8me Sommet pour la D\u00e9mocratie. L\u2019ancien pr\u00e9sident de l\u2019Union africaine a soulign\u00e9 la n\u00e9cessit\u00e9 de \u201cconduire en m\u00eame temps, l\u2019\u0153uvre de d\u00e9veloppement \u00e9conomique, poursuivre l\u2019effort de construction nationale, et pour nombre de nos pays, faire face au p\u00e9ril terroriste\u201d.<\/h3>\n\n\n\n<p>\u201cJe voudrais remercier le Pr\u00e9sident Joe Biden pour son aimable invitation, ainsi que nos coll\u00e8gues de la R\u00e9publique de Cor\u00e9e, du Costa Rica, des Pays-Bas et de la Zambie, co organisateurs de ce 2e Sommet pour la d\u00e9mocratie.<\/p>\n\n\n\n<p>Notre rendez-vous se tient dans un contexte mondial agit\u00e9, et des lendemains incertains, avec l\u2019invasion de l\u2019Ukraine, qui s\u2019ajoute aux cons\u00e9quences d\u2019une crise sans pr\u00e9c\u00e9dent, dont les \u00e9conomies les plus faibles peinent \u00e0 se relever ; sans compter l\u2019impact s\u00e9v\u00e8re du r\u00e9chauffement climatique.<\/p>\n\n\n\n<p>Je n\u2019oublie pas le ph\u00e9nom\u00e8ne des d\u00e9rives des r\u00e9seaux sociaux et la diffusion \u00e0 grand d\u00e9bit des fake news.<br>Tous ces facteurs contribuent \u00e0 fragiliser nos pays.<\/p>\n\n\n\n<p>De plus, en Afrique, il nous faut conduire en m\u00eame temps l\u2019\u0153uvre de d\u00e9veloppement \u00e9conomique, poursuivre l\u2019effort de construction nationale, et pour nombre de nos pays, faire face au p\u00e9ril terroriste.<\/p>\n\n\n\n<p>J\u2019attire particuli\u00e8rement l\u2019attention de notre Sommet sur le fait que jamais, dans l\u2019histoire, la r\u00e9alisation de l\u2019id\u00e9al de d\u00e9mocratie sur un continent n\u2019a \u00e9t\u00e9 confront\u00e9e \u00e0 autant de d\u00e9fis cumul\u00e9s.<\/p>\n\n\n\n<p>C\u2019est dire qu\u2019au-del\u00e0 de l\u2019affirmation des valeurs qui nous rassemblent, nous devons faire preuve de plus de solidarit\u00e9 active si nous voulons prot\u00e9ger nos d\u00e9mocraties contre les menaces qui sapent les institutions \u00e9tatiques, la stabilit\u00e9 politique, l\u2019assise \u00e9conomique et la coh\u00e9sion sociale.<\/p>\n\n\n\n<p>J\u2019ajoute que pour nous, pays en d\u00e9veloppement, la r\u00e9alisation des droits \u00e9conomiques, sociaux et culturels est aussi importante que la promotion des droits et libert\u00e9s civils et politiques. L\u2019une et l\u2019autre sont indissociables, parce que sans d\u00e9veloppement, la d\u00e9mocratie reste vuln\u00e9rable.<\/p>\n\n\n\n<p>Dans cet esprit, le S\u00e9n\u00e9gal r\u00e9it\u00e8re son adh\u00e9sion au consensus que nous avons su b\u00e2tir comme fondement de nos valeurs partag\u00e9es, notamment :<br>\u2022 l&rsquo;institutionnalisation de syst\u00e8mes de justice r\u00e9actifs, accessibles et cr\u00e9dibles ;<\/p>\n\n\n\n<p>\u2022 la consolidation de la coop\u00e9ration internationale en faveur de l&rsquo;entraide judiciaire et le recouvrement des biens mal acquis ;<\/p>\n\n\n\n<p>\u2022 enfin, le renforcement de la collaboration \u00e0 l\u2019\u00e9chelle internationale contre le blanchiment d&rsquo;argent et la corruption.<\/p>\n\n\n\n<p>En d\u00e9finitive, sur ces questions et bien d\u2019autres, il n\u2019y a pas de mod\u00e8le achev\u00e9, mais des pratiques et des exp\u00e9riences \u00e0 partager dans notre qu\u00eate d\u2019id\u00e9al d\u00e9mocratique. Je vous remercie de votre attention.\u201d<\/p>\n\n\n\n<p>Ousmane Wade<\/p>\n","protected":false},"excerpt":{"rendered":"<p>Le Pr\u00e9sident Macky Sall sur invitation de Joe Biden, a particip\u00e9 au deuxi\u00e8me Sommet pour la D\u00e9mocratie. L\u2019ancien pr\u00e9sident de<\/p>\n","protected":false},"author":1,"featured_media":9539,"comment_status":"open","ping_status":"open","sticky":false,"template":"","format":"standard","meta":{"footnotes":""},"categories":[6],"tags":[],"class_list":["post-9538","post","type-post","status-publish","format-standard","has-post-thumbnail","hentry","category-politics"],"_links":{"self":[{"href":"https:\/\/dekkbi.com\/index.php?rest_route=\/wp\/v2\/posts\/9538","targetHints":{"allow":["GET"]}}],"collection":[{"href":"https:\/\/dekkbi.com\/index.php?rest_route=\/wp\/v2\/posts"}],"about":[{"href":"https:\/\/dekkbi.com\/index.php?rest_route=\/wp\/v2\/types\/post"}],"author":[{"embeddable":true,"href":"https:\/\/dekkbi.com\/index.php?rest_route=\/wp\/v2\/users\/1"}],"replies":[{"embeddable":true,"href":"https:\/\/dekkbi.com\/index.php?rest_route=%2Fwp%2Fv2%2Fcomments&post=9538"}],"version-history":[{"count":1,"href":"https:\/\/dekkbi.com\/index.php?rest_route=\/wp\/v2\/posts\/9538\/revisions"}],"predecessor-version":[{"id":9540,"href":"https:\/\/dekkbi.com\/index.php?rest_route=\/wp\/v2\/posts\/9538\/revisions\/9540"}],"wp:featuredmedia":[{"embeddable":true,"href":"https:\/\/dekkbi.com\/index.php?rest_route=\/wp\/v2\/media\/9539"}],"wp:attachment":[{"href":"https:\/\/dekkbi.com\/index.php?rest_route=%2Fwp%2Fv2%2Fmedia&parent=9538"}],"wp:term":[{"taxonomy":"category","embeddable":true,"href":"https:\/\/dekkbi.com\/index.php?rest_route=%2Fwp%2Fv2%2Fcategories&post=9538"},{"taxonomy":"post_tag","embeddable":true,"href":"https:\/\/dekkbi.com\/index.php?rest_route=%2Fwp%2Fv2%2Ftags&post=9538"}],"curies":[{"name":"wp","href":"https:\/\/api.w.org\/{rel}","templated":true}]}}