{"id":9519,"date":"2023-03-29T13:56:25","date_gmt":"2023-03-29T13:56:25","guid":{"rendered":"https:\/\/dekkbi.com\/?p=9519"},"modified":"2023-03-29T13:57:50","modified_gmt":"2023-03-29T13:57:50","slug":"environnement-la-france-et-la-suisse-devant-la-cour-europeenne-des-droits-de-lhomme-pour-leur-inaction-climatique","status":"publish","type":"post","link":"https:\/\/dekkbi.com\/?p=9519","title":{"rendered":"La France et la Suisse devant la Cour europ\u00e9enne des droits de l&rsquo;Homme"},"content":{"rendered":"\n<p><\/p>\n\n\n\n<h2 class=\"wp-block-heading\">C&rsquo;est une premi\u00e8re.\u00a0La Cour europ\u00e9enne des droits de l&rsquo;Homme  a commenc\u00e9\u00a0\u00e0\u00a0examiner deux requ\u00eates li\u00e9es au changement climatique visant la France et la Suisse, accus\u00e9es de ne pas agir suffisamment contre ses effets.<a href=\"https:\/\/www.addthis.com\/bookmark.php?v=300\"><\/a><a href=\"https:\/\/www.addthis.com\/bookmark.php?v=300\"><\/a><a rel=\"noreferrer noopener\" href=\"https:\/\/www.addthis.com\/bookmark.php?v=300\" target=\"_blank\"><\/a><a rel=\"noreferrer noopener\" href=\"https:\/\/www.addthis.com\/bookmark.php?v=300\" target=\"_blank\"><\/a><\/h2>\n\n\n\n<p>En Suisse, ce sont des retrait\u00e9es qui d\u00e9noncent les cons\u00e9quences du r\u00e9chauffement climatique sur leur sant\u00e9.&nbsp;Tandis qu&rsquo;en&nbsp;France, c&rsquo;est un&nbsp;ancien maire d&rsquo;une commune du nord du pays menac\u00e9e par la mont\u00e9e des eaux qui a choisit de poursuivre&nbsp;l&rsquo;\u00c9tat en justice.<\/p>\n\n\n\n<p>L&rsquo;audience a d\u00e9but\u00e9&nbsp;par l&rsquo;examen du dossier suisse, devant une salle comble, avec 400 personnes dans le public, dont de nombreuses membres \u00e2g\u00e9es de l&rsquo;association suisse de lutte contre le changement climatique.&nbsp;L&rsquo;affaire est examin\u00e9e par la Grande chambre, formation supr\u00eame de la Cour, compos\u00e9e de 17 juges et pr\u00e9sid\u00e9e par l&rsquo;Irlandaise Siofra O&rsquo;Leary.<\/p>\n\n\n\n<p>La Cour europ\u00e9enne des droits de l&rsquo;homme (CEDH) est une juridiction internationale institu\u00e9e en 1959 par le Conseil de l&rsquo;Europe ayant pour mission d&rsquo;assurer le respect des engagements souscrits par les \u00c9tats signataires de la Convention europ\u00e9eene des droits de l&rsquo;homme. Cette Cour ne d\u00e9pend pas de l&rsquo;Union europ\u00e9enne.<\/p>\n\n\n\n<p>La comp\u00e9tence de la Cour s&rsquo;\u00e9tend \u00e0 toutes les questions concernant l\u2019interpr\u00e9tation et l\u2019application de la Convention.<\/p>\n\n\n\n<p><\/p>\n\n\n\n<p><img loading=\"lazy\" decoding=\"async\" src=\"https:\/\/information.tv5monde.com\/sites\/info.tv5monde.com\/files\/styles\/large\/public\/assets\/images\/AP22202657452050.jpg?itok=86Z0nrni\" width=\"770\" height=\"514\" alt=\"Un pompier lutte contre les flammes dans une for\u00eat \u00e0 proximit\u00e9 du village de Rebolo, au Portugal, le 14 juillet 2022.\"><\/p>\n\n\n\n<p>Un pompier lutte contre les flammes dans une for\u00eat \u00e0 proximit\u00e9 du village de Rebolo, au Portugal, le 14 juillet 2022.<\/p>\n\n\n\n<p>AP Photo\/Armando Franca<\/p>\n\n\n\n<p>Alain Chablais, qui repr\u00e9sente le gouvernement suisse, a ouvert les d\u00e9bats en estimant que cela \u00ab\u00a0<em>rel\u00e8ve du proc\u00e8s d&rsquo;intention d&rsquo;affirmer ou de sugg\u00e9rer que la Suisse fait preuve d&rsquo;inaction<\/em>\u00ab\u00a0, soulignant les mesures mises en place par le pays en mati\u00e8re climatique.<\/p>\n\n\n\n<h2 class=\"wp-block-heading\">\u00ab\u00a0Historique\u00a0\u00bb<\/h2>\n\n\n\n<p>Cette audience devant la CEDH est \u00ab\u00a0<em>un \u00e9v\u00e9nement historique<\/em>\u00ab\u00a0, a salu\u00e9&nbsp;Anne Mahrer, 64 ans, l&rsquo;une des porte-parole des l&rsquo;association \u00ab\u00a0<em>Les A\u00een\u00e9es pour la protection du climat suisse<\/em>\u00ab\u00a0.&nbsp;Soutenue par Greenpeace Suisse, cette association compte plus de 2000 membres, de 73 ans de moyenne d&rsquo;\u00e2ge, selon Anne Mahrer.<\/p>\n\n\n\n<p>Depuis 20 ans, \u00ab\u00a0<em>tous les rapports montrent que tout le monde est touch\u00e9<\/em>\u00a0\u00bb par le r\u00e9chauffement climatique, et \u00ab\u00a0<em>les femmes \u00e2g\u00e9es<\/em>\u00a0\u00bb sont \u00ab\u00a0<em>particuli\u00e8rement vuln\u00e9rables en termes cardio-vasculaires ou respiratoires<\/em>\u00ab\u00a0, soutient cette ancienne d\u00e9put\u00e9e \u00e9cologiste.<\/p>\n\n\n\n<p>Devant la CEDH, son association entend invoquer plusieurs violations d&rsquo;articles de la Convention europ\u00e9enne de sauvegarde des droits de l&rsquo;Homme, notamment celui garantissant le droit \u00e0&nbsp;la vie.<\/p>\n\n\n\n<p>L&rsquo;action des A\u00een\u00e9es pour contraindre la Suisse \u00e0&nbsp;agir davantage pour le climat avait d\u00e9marr\u00e9&nbsp;d\u00e8s 2016, avec une s\u00e9rie de recours rest\u00e9s vains. Pourtant, la Suisse est \u00ab\u00a0<em>un pays riche (&#8230;) qui devrait \u00eatre exemplaire<\/em>\u00ab\u00a0, estime Anne Mahrer.<\/p>\n\n\n\n<p><em>Cette jurisprudence s&rsquo;appliquerait dans tous les Etats du conseil de l&rsquo;Europe et potentiellement dans tous les \u00c9tats du monde.<\/em><strong>Corinne Lepage, ancienne ministre fran\u00e7aise de l&rsquo;Environnement et&nbsp;avocate de Damien&nbsp;Car\u00eame<\/strong><\/p>\n\n\n\n<h2 class=\"wp-block-heading\">\u00ab\u00a0Inaction climatique\u00a0\u00bb&nbsp;<\/h2>\n\n\n\n<p>Le second dossier, qui sera examin\u00e9&nbsp;est une requ\u00eate de l&rsquo;ancien maire de Grande-Synthe, dans le nord de la France, Damien Car\u00eame, aujourd&rsquo;hui d\u00e9put\u00e9&nbsp;europ\u00e9en Europe \u00c9cologie-Les Verts (EELV).<\/p>\n\n\n\n<p>En 2019, il avait, en son nom propre et en tant que maire, saisi le Conseil d&rsquo;Etat pour \u00ab\u00a0<em>inaction climatique<\/em>\u00ab\u00a0, estimant que sa commune, situ\u00e9e sur le littoral, \u00e9tait menac\u00e9e de submersion.<\/p>\n\n\n\n<p>La plus haute juridiction administrative avait donn\u00e9&nbsp;raison en juillet 2021 \u00e0&nbsp;la commune, laissant neuf mois \u00e0&nbsp;la France pour \u00ab\u00a0<em>prendre toutes mesures utiles<\/em>\u00a0\u00bb afin d&rsquo;infl\u00e9chir \u00ab\u00a0<em>la courbe des \u00e9missions de gaz \u00e0&nbsp;effet de serre<\/em>\u00a0\u00bb pour respecter les objectifs de l&rsquo;Accord de Paris (-40% d&rsquo;ici 2030 par rapport \u00e0&nbsp;1990).<\/p>\n\n\n\n<p>Le requ\u00eate de Damien&nbsp;Car\u00eame en son nom propre avait en revanche \u00e9t\u00e9 rejet\u00e9e et il avait saisi la CEDH.<\/p>\n\n\n\n<p><\/p>\n\n\n\n<p><video preload=\"auto\" src=\"https:\/\/vodinfo.tv5monde.com\/videos\/5c\/6032928.mp4\"><\/video>Lire la vid\u00e9o<\/p>\n\n\n\n<p>L&rsquo;eurod\u00e9put\u00e9&nbsp;de 62 ans soutient que la \u00ab\u00a0<em>carence<\/em>\u00a0\u00bb de la France vis-\u00e0-vis de ses objectifs le touche \u00ab\u00a0<em>directement<\/em>\u00a0\u00bb puisqu&rsquo;elle \u00ab\u00a0<em>augmente les risques que son domicile soit affect\u00e9<\/em>\u00a0\u00bb par la mont\u00e9e des eaux, indique la Cour dans un communiqu\u00e9.<\/p>\n\n\n\n<p>\u00ab\u00a0<em>L&rsquo;enjeu est extr\u00eamement important<\/em>\u00ab\u00a0, a d\u00e9clar\u00e9&nbsp;l&rsquo;ancienne ministre fran\u00e7aise de l&rsquo;Environnement Corinne Lepage, avocate de Damien&nbsp;Car\u00eame. Si la CEDH donne raison Damien&nbsp;Car\u00eame, \u00ab\u00a0<em>cette jurisprudence s&rsquo;appliquerait dans tous les Etats du conseil de l&rsquo;Europe et potentiellement dans tous les Etats du monde<\/em>\u00ab\u00a0.<\/p>\n\n\n\n<p>La Cour ne devrait pas rendre ses d\u00e9cisions dans ces deux affaires avant plusieurs mois.&nbsp;Outre ces deux cas, la CEDH examinera, sans doute apr\u00e8s l&rsquo;\u00e9t\u00e9, une autre affaire climatique d&rsquo;ampleur, celle de jeunes Portugais qui ont assign\u00e9&nbsp;leur pays ainsi que 32 autres \u00c9tats pour leur inaction suppos\u00e9e contre le r\u00e9chauffement.<\/p>\n\n\n\n<p>TV5MONDE<\/p>\n\n\n\n<p>avec AFP<\/p>\n\n\n\n<p><\/p>\n","protected":false},"excerpt":{"rendered":"<p>C&rsquo;est une premi\u00e8re.\u00a0La Cour europ\u00e9enne des droits de l&rsquo;Homme a commenc\u00e9\u00a0\u00e0\u00a0examiner deux requ\u00eates li\u00e9es au changement climatique visant la France<\/p>\n","protected":false},"author":1,"featured_media":9520,"comment_status":"open","ping_status":"open","sticky":false,"template":"","format":"standard","meta":{"footnotes":""},"categories":[51],"tags":[],"class_list":["post-9519","post","type-post","status-publish","format-standard","has-post-thumbnail","hentry","category-general"],"_links":{"self":[{"href":"https:\/\/dekkbi.com\/index.php?rest_route=\/wp\/v2\/posts\/9519","targetHints":{"allow":["GET"]}}],"collection":[{"href":"https:\/\/dekkbi.com\/index.php?rest_route=\/wp\/v2\/posts"}],"about":[{"href":"https:\/\/dekkbi.com\/index.php?rest_route=\/wp\/v2\/types\/post"}],"author":[{"embeddable":true,"href":"https:\/\/dekkbi.com\/index.php?rest_route=\/wp\/v2\/users\/1"}],"replies":[{"embeddable":true,"href":"https:\/\/dekkbi.com\/index.php?rest_route=%2Fwp%2Fv2%2Fcomments&post=9519"}],"version-history":[{"count":3,"href":"https:\/\/dekkbi.com\/index.php?rest_route=\/wp\/v2\/posts\/9519\/revisions"}],"predecessor-version":[{"id":9524,"href":"https:\/\/dekkbi.com\/index.php?rest_route=\/wp\/v2\/posts\/9519\/revisions\/9524"}],"wp:featuredmedia":[{"embeddable":true,"href":"https:\/\/dekkbi.com\/index.php?rest_route=\/wp\/v2\/media\/9520"}],"wp:attachment":[{"href":"https:\/\/dekkbi.com\/index.php?rest_route=%2Fwp%2Fv2%2Fmedia&parent=9519"}],"wp:term":[{"taxonomy":"category","embeddable":true,"href":"https:\/\/dekkbi.com\/index.php?rest_route=%2Fwp%2Fv2%2Fcategories&post=9519"},{"taxonomy":"post_tag","embeddable":true,"href":"https:\/\/dekkbi.com\/index.php?rest_route=%2Fwp%2Fv2%2Ftags&post=9519"}],"curies":[{"name":"wp","href":"https:\/\/api.w.org\/{rel}","templated":true}]}}