{"id":9494,"date":"2023-03-29T11:47:12","date_gmt":"2023-03-29T11:47:12","guid":{"rendered":"https:\/\/dekkbi.com\/?p=9494"},"modified":"2023-03-29T11:47:13","modified_gmt":"2023-03-29T11:47:13","slug":"dirpa-celebration-de-la-fete-de-lindependance-larmee-a-pied-doeuvre","status":"publish","type":"post","link":"https:\/\/dekkbi.com\/?p=9494","title":{"rendered":"Dirpa \u2013 C\u00e9l\u00e9bration de la F\u00eate de l\u2019ind\u00e9pendance: L\u2019Arm\u00e9e \u00e0 pied d\u2019\u0153uvre"},"content":{"rendered":"\n<p><strong>Le 63\u00e8me anniversaire de l\u2019accession du S\u00e9n\u00e9gal \u00e0 la souverainet\u00e9 internationale sera c\u00e9l\u00e9br\u00e9 le samedi 4 avril 2023, sur toute l\u2019\u00e9tendue du territoire national. Le th\u00e8me retenu est \u00abForces de d\u00e9fense et de s\u00e9curit\u00e9&nbsp;: pr\u00e9servation des ressources naturelles\u00bb. Cette ann\u00e9e, 5741 personnes vont participer au d\u00e9fil\u00e9 civil et militaire.<\/strong><\/p>\n\n\n\n<p><strong>Par Ousmane SOW \u2013<\/strong>Le 4 avril, c\u2019est la Nation qui c\u00e9l\u00e8bre son ind\u00e9pendance. Les pr\u00e9paratifs de la c\u00e9l\u00e9bration du 63\u00e8me anniversaire de l\u2019accession du S\u00e9n\u00e9gal \u00e0 la souverainet\u00e9 internationale vont bon train. En conf\u00e9rence de presse hier au Cercle Mess des officiers \u00abColonel Emmanuel Gomis\u00bb, le directeur de l\u2019Information et des relations publiques des arm\u00e9es (Dirpa), le Colonel Moussa Koulibaly, a d\u00e9voil\u00e9 le d\u00e9roulement de la c\u00e9l\u00e9bration du 4 Avril de cette ann\u00e9e. Il assure que toutes les dispositions sont prises pour que le d\u00e9fil\u00e9 puisse se passer l\u00e0 o\u00f9 il est pr\u00e9vu sans aucun probl\u00e8me. En r\u00e9f\u00e9rence au contexte politique nettement tendu. \u00abA ce que je sache, il n\u2019y a pas de manifestation pr\u00e9vue pour le 4 avril prochain. Cette date est suffisamment sacr\u00e9e pour tous les S\u00e9n\u00e9galais. Ce n\u2019est pas seulement la c\u00e9l\u00e9bration des Forces de d\u00e9fense et de s\u00e9curit\u00e9, mais la F\u00eate de la Nation s\u00e9n\u00e9galaise. Et donc, chaque S\u00e9n\u00e9galais s\u2019identifie \u00e0 cette date-l\u00e0. Nous n\u2019avons aucune crainte\u00bb, a d\u00e9clar\u00e9 le Colonel Moussa Koulibaly.<\/p>\n\n\n\n<p><strong>La pr\u00e9servation des ressources naturelles au menu<\/strong><br>Evidemment, toutes les dispositions sont prises pour assurer le bon d\u00e9roulement du d\u00e9fil\u00e9 pr\u00e9vu \u00e0 la Place de l\u2019Ind\u00e9pendance.<\/p>\n\n\n\n<p>Pour cette ann\u00e9e, d\u2019apr\u00e8s le Colonel Moussa Koulibaly, il n\u2019y aura pas de retraite de flambeau \u00e0 Dakar. \u00abEn revanche, dit-il, il peut se faire tranquillement dans les autres r\u00e9gions.\u00bb<\/p>\n\n\n\n<p>Cette ann\u00e9e, le th\u00e8me de la c\u00e9l\u00e9bration du 4 Avril est \u00abForces de d\u00e9fense et de s\u00e9curit\u00e9&nbsp;: pr\u00e9servation des ressources naturelles\u00bb. Avec leurs missions et formations, les Forces de d\u00e9fense et de s\u00e9curit\u00e9 sont le filet de protection de notre patrimoine.<\/p>\n\n\n\n<p>Ce th\u00e8me renvoie \u00e0 celui de la Journ\u00e9e des Forces arm\u00e9es, sauf que cette fois-ci, Colonel Koulibaly pr\u00e9cise que le th\u00e8me est \u00e9largi \u00e0 l\u2019ensemble des Forces de d\u00e9fense et de s\u00e9curit\u00e9. \u00abAujourd\u2019hui, la pr\u00e9servation des ressources naturelles&nbsp;est un enjeu de s\u00e9curit\u00e9 nationale. C\u2019est une fonction que l\u2019ensemble des Forces de d\u00e9fense et de s\u00e9curit\u00e9 contribuent \u00e0 remplir\u00bb, a-t-il fait savoir.<br>Pour rappel, le th\u00e8me de la c\u00e9l\u00e9bration de la journ\u00e9e des Forces arm\u00e9es \u00e9tait \u00abForces arm\u00e9es et pr\u00e9servation des ressources naturelles\u00bb. En d\u2019autres termes, la pr\u00e9servation des ressources naturelles rel\u00e8ve de la s\u00e9curit\u00e9 nationale. \u00abIl faudrait que ces ressources soient s\u00e9curis\u00e9es, pr\u00e9serv\u00e9es et prot\u00e9g\u00e9es pour que cela puisse servir et b\u00e2tir un r\u00e9el d\u00e9veloppement \u00e9conomique\u00bb, justifie le Colonel Moussa Koulibaly.<\/p>\n\n\n\n<p><strong>5741 participants au d\u00e9fil\u00e9 civil et militaire<\/strong><\/p>\n\n\n\n<p><br>Il est attendu \u00e0 la Place de l\u2019Ind\u00e9pendance, 5741 participants au d\u00e9fil\u00e9 civil et militaire. \u00abLe d\u00e9fil\u00e9 civil sera anim\u00e9 par la musique de la police\u00bb, note-t-il, tout en informant \u00e9galement qu\u2019aujourd\u2019hui, on ne parle plus de la Musique des Forces arm\u00e9es, mais du Bataillon de la musique des Forces arm\u00e9es. Selon le Directeur de l\u2019information et des relations publiques des Arm\u00e9es (Dirpa), \u00e0 Dakar, une prise d\u2019armes avec remise de d\u00e9corations sera pr\u00e9sid\u00e9e par le chef de l\u2019Etat Macky Sall. Il y aura aussi un d\u00e9fil\u00e9 civil, d\u00e9fil\u00e9 a\u00e9rien, d\u00e9fil\u00e9 motoris\u00e9, militaire et paramilitaire \u00e0 pied. Une vid\u00e9o condens\u00e9e de 7 minutes environ illustrant le th\u00e8me de cette ann\u00e9e sera projet\u00e9e, \u00e0 l\u2019occasion.<\/p>\n","protected":false},"excerpt":{"rendered":"<p>Le 63\u00e8me anniversaire de l\u2019accession du S\u00e9n\u00e9gal \u00e0 la souverainet\u00e9 internationale sera c\u00e9l\u00e9br\u00e9 le samedi 4 avril 2023, sur toute<\/p>\n","protected":false},"author":1,"featured_media":9495,"comment_status":"open","ping_status":"open","sticky":false,"template":"","format":"standard","meta":{"footnotes":""},"categories":[6],"tags":[],"class_list":["post-9494","post","type-post","status-publish","format-standard","has-post-thumbnail","hentry","category-politics"],"_links":{"self":[{"href":"https:\/\/dekkbi.com\/index.php?rest_route=\/wp\/v2\/posts\/9494","targetHints":{"allow":["GET"]}}],"collection":[{"href":"https:\/\/dekkbi.com\/index.php?rest_route=\/wp\/v2\/posts"}],"about":[{"href":"https:\/\/dekkbi.com\/index.php?rest_route=\/wp\/v2\/types\/post"}],"author":[{"embeddable":true,"href":"https:\/\/dekkbi.com\/index.php?rest_route=\/wp\/v2\/users\/1"}],"replies":[{"embeddable":true,"href":"https:\/\/dekkbi.com\/index.php?rest_route=%2Fwp%2Fv2%2Fcomments&post=9494"}],"version-history":[{"count":1,"href":"https:\/\/dekkbi.com\/index.php?rest_route=\/wp\/v2\/posts\/9494\/revisions"}],"predecessor-version":[{"id":9496,"href":"https:\/\/dekkbi.com\/index.php?rest_route=\/wp\/v2\/posts\/9494\/revisions\/9496"}],"wp:featuredmedia":[{"embeddable":true,"href":"https:\/\/dekkbi.com\/index.php?rest_route=\/wp\/v2\/media\/9495"}],"wp:attachment":[{"href":"https:\/\/dekkbi.com\/index.php?rest_route=%2Fwp%2Fv2%2Fmedia&parent=9494"}],"wp:term":[{"taxonomy":"category","embeddable":true,"href":"https:\/\/dekkbi.com\/index.php?rest_route=%2Fwp%2Fv2%2Fcategories&post=9494"},{"taxonomy":"post_tag","embeddable":true,"href":"https:\/\/dekkbi.com\/index.php?rest_route=%2Fwp%2Fv2%2Ftags&post=9494"}],"curies":[{"name":"wp","href":"https:\/\/api.w.org\/{rel}","templated":true}]}}