{"id":9391,"date":"2023-03-28T11:59:02","date_gmt":"2023-03-28T11:59:02","guid":{"rendered":"https:\/\/dekkbi.com\/?p=9391"},"modified":"2023-03-28T11:59:03","modified_gmt":"2023-03-28T11:59:03","slug":"mbour-couverture-maladie-universelle-le-maire-de-diass-enrole-2500-adultes","status":"publish","type":"post","link":"https:\/\/dekkbi.com\/?p=9391","title":{"rendered":"Mbour \u2013 Couverture maladie universelle : Le maire de Diass enr\u00f4le 2500 adultes"},"content":{"rendered":"\n<p>La mairie de Diass veut &nbsp;faciliter l\u2019acc\u00e8s aux soins \u00e0 sa population&nbsp;: elle a enr\u00f4l\u00e9 &nbsp;2500 adultes au niveau de la Couverture maladie universelle.&nbsp;En partenariat avec l\u2019Agence pour la couverture maladie universelle (Anacmu), la c\u00e9r\u00e9monie de remise des cartes aux &nbsp;b\u00e9n\u00e9ficiaires a eu pour cadre la mairie de Diass. Pour l\u2019\u00e9dile de Diass, ce geste est motiv\u00e9 par &nbsp;les soucis d\u2019efficience, mais \u00e9galement d\u2019ancrage aux politiques publiques. \u00abNous&nbsp; avons&nbsp;enr\u00f4l\u00e9 ce jour (hier) \u00e0 la Couverture maladie, 2 mille 500 adultes de la commune de Diass. Dans une autre station, nous avions, en tant que Directeur g\u00e9n\u00e9ral du Cosec, eu \u00e0 enr\u00f4ler 1000 adultes et 6 mille 500 \u00e9l\u00e8ves r\u00e9partis entre les communes de Diass, Sindia, Ziguinchor et Toubacouta. C\u2019est dire que le maire de Diass que je suis est un convaincu. Nous avons la conviction que le choix fait par le chef de l\u2019Etat de mettre en place la Couverture maladie universelle est tr\u00e8s pertinent\u00bb, d\u00e9clare Mamadou Ndione.<\/p>\n\n\n\n<p>A l\u2019en croire, la sant\u00e9 n\u2019a pas de prix. \u00abMais, elle a un co\u00fbt qui, \u00e0 travers la mutualisation, est att\u00e9nu\u00e9 pour tous. C\u2019est pourquoi il faut, \u00e0 travers les mutuelles de sant\u00e9, toucher le plus grand nombre. A Diass, nous avons la chance d\u2019avoir une mutuelle dynamique que nous avons voulu accompagner au plan budg\u00e9taire tout en enr\u00f4lant aussi des concitoyens choisis librement par les instances des villages avec l\u2019implication des relais communautaires. Sur les 2 mille 500 personnes choisies, le maire de Diass n\u2019a d\u00e9sign\u00e9 personne. Tout s\u2019est fait de fa\u00e7on inclusive au niveau des villages autour des chefs de village et des relais communautaires que je tiens \u00e0 remercier\u00bb, clarifie le maire de Diass.<\/p>\n\n\n\n<p><br>D\u2019ailleurs, il a pr\u00e9cis\u00e9 que leur objectif est d\u2019avoir le plus important taux de couverture du S\u00e9n\u00e9gal. Pour y arriver, il a demand\u00e9 l\u2019implication de toutes les forces vives ainsi que des cadres et travailleurs de la commune dans une vaste op\u00e9ration de solidarit\u00e9 par l\u2019enr\u00f4lement des \u00e9l\u00e8ves, des femmes et des personnes du troisi\u00e8me \u00e2ge. \u00abChacun peut et doit enr\u00f4ler ses proches \u00e0 la Cmu. Le faire en cette p\u00e9riode de Ramadan musulman et de Car\u00eame chr\u00e9tien est et sera un acte de haute pi\u00e9t\u00e9. A titre personnel, je m\u2019engage \u00e0 enr\u00f4ler 500 \u00e9l\u00e8ves des daaras. J\u2019invite aussi tous les\u00a0 d\u00e9cideurs, notamment les chefs d\u2019entreprise et les maires du S\u00e9n\u00e9gal, \u00e0 aider les mutuelles de sant\u00e9 par l\u2019enr\u00f4lement massif des citoyens\u00bb, appelle M. Ndione. \u00abLa remise de 2500 carnets \u00e0 des habitants de la commune de Diass, au titre des adh\u00e9sions classiques \u00e0 la Cmu, est une v\u00e9ritable action de d\u00e9veloppement, qui m\u00e9rite d\u2019\u00eatre multipli\u00e9e par l\u2019ensemble des collectivit\u00e9s territoriales du d\u00e9partement\u00bb, souligne le Directeur g\u00e9n\u00e9ral de l\u2019Anacmu, Bocar Mamadou Daff.<\/p>\n\n\n\n<p>Il a \u00e9galement lanc\u00e9 un appel aux\u00a0 chefs d\u2019entreprise de la zone et niveau national en g\u00e9n\u00e9ral \u00abpour leur engagement \u00e0 soutenir ce genre d\u2019initiative dans le cadre de la Responsabilit\u00e9 soci\u00e9tale d\u2019entreprise (Rse), conform\u00e9ment aux orientations de la Strat\u00e9gie nationale de financement de la sant\u00e9 pour tendre vers la Couverture sanitaire universelle (Csu)\u00bb. Il encha\u00eene\u00a0: \u00abM. le Maire, en acceptant d\u2019enr\u00f4ler 2500 personnes adultes d\u2019un montant de 12 millions de F Cfa, dans la mutuelle de sant\u00e9 de Diass et en s\u2019engageant \u00e0 ajouter 5000 \u00e9l\u00e8ves, en attendant son int\u00e9gration dans la mutuelle d\u00e9partementale de Mbour, conform\u00e9ment \u00e0 l\u2019orientation de l\u2019Anacmu, vous venez de d\u00e9montrer encore une fois de plus votre d\u00e9termination sans faille \u00e0 mettre les populations de la commune de Diass sur les rampes de l\u2019\u00e9mergence\u00bb, se r\u00e9jouit M. Daff.<\/p>\n\n\n\n<p><br><strong>abciss@lequotidien.sn\u00a0<\/strong><\/p>\n","protected":false},"excerpt":{"rendered":"<p>La mairie de Diass veut &nbsp;faciliter l\u2019acc\u00e8s aux soins \u00e0 sa population&nbsp;: elle a enr\u00f4l\u00e9 &nbsp;2500 adultes au niveau de<\/p>\n","protected":false},"author":1,"featured_media":9392,"comment_status":"open","ping_status":"open","sticky":false,"template":"","format":"standard","meta":{"footnotes":""},"categories":[3],"tags":[],"class_list":["post-9391","post","type-post","status-publish","format-standard","has-post-thumbnail","hentry","category-event-more-news"],"_links":{"self":[{"href":"https:\/\/dekkbi.com\/index.php?rest_route=\/wp\/v2\/posts\/9391","targetHints":{"allow":["GET"]}}],"collection":[{"href":"https:\/\/dekkbi.com\/index.php?rest_route=\/wp\/v2\/posts"}],"about":[{"href":"https:\/\/dekkbi.com\/index.php?rest_route=\/wp\/v2\/types\/post"}],"author":[{"embeddable":true,"href":"https:\/\/dekkbi.com\/index.php?rest_route=\/wp\/v2\/users\/1"}],"replies":[{"embeddable":true,"href":"https:\/\/dekkbi.com\/index.php?rest_route=%2Fwp%2Fv2%2Fcomments&post=9391"}],"version-history":[{"count":1,"href":"https:\/\/dekkbi.com\/index.php?rest_route=\/wp\/v2\/posts\/9391\/revisions"}],"predecessor-version":[{"id":9393,"href":"https:\/\/dekkbi.com\/index.php?rest_route=\/wp\/v2\/posts\/9391\/revisions\/9393"}],"wp:featuredmedia":[{"embeddable":true,"href":"https:\/\/dekkbi.com\/index.php?rest_route=\/wp\/v2\/media\/9392"}],"wp:attachment":[{"href":"https:\/\/dekkbi.com\/index.php?rest_route=%2Fwp%2Fv2%2Fmedia&parent=9391"}],"wp:term":[{"taxonomy":"category","embeddable":true,"href":"https:\/\/dekkbi.com\/index.php?rest_route=%2Fwp%2Fv2%2Fcategories&post=9391"},{"taxonomy":"post_tag","embeddable":true,"href":"https:\/\/dekkbi.com\/index.php?rest_route=%2Fwp%2Fv2%2Ftags&post=9391"}],"curies":[{"name":"wp","href":"https:\/\/api.w.org\/{rel}","templated":true}]}}