{"id":9388,"date":"2023-03-28T11:56:25","date_gmt":"2023-03-28T11:56:25","guid":{"rendered":"https:\/\/dekkbi.com\/?p=9388"},"modified":"2023-03-28T12:02:38","modified_gmt":"2023-03-28T12:02:38","slug":"conditions-dorganisation-du-hajj-2023-les-assurances-de-aissata-tall-sall-aux-voyagistes-prives","status":"publish","type":"post","link":"https:\/\/dekkbi.com\/?p=9388","title":{"rendered":"Conditions d\u2019organisation du Hajj\u00a02023"},"content":{"rendered":"\n<p>La ministre des Affaires \u00e9trang\u00e8res et des S\u00e9n\u00e9galais de l\u2019ext\u00e9rieur, A\u00efssata Tall Sall, s\u2019est engag\u00e9e, lundi \u00e0 Dakar, \u00e0 apporter des solutions \u00e0 la hauteur de ses responsabilit\u00e9s aux difficult\u00e9s que rencontrent les p\u00e8lerins aux Lieux saints de l\u2019islam \u00e0 leur arriv\u00e9e \u00e0 La Mecque.&nbsp;\u2018\u2019Dans les questions pratiques, tenant compte des difficult\u00e9s que rencontrent les voyageurs eux-m\u00eames une fois arriv\u00e9s sur le territoire de La Mecque, nous allons y apporter des solutions \u00e0 la hauteur de nos responsabilit\u00e9s\u2019\u2019, a-t-elle promis.<\/p>\n\n\n\n<p>Selon l\u2019APS, A\u00efssata Tall Sall pr\u00e9sidait la deuxi\u00e8me rencontre d\u2019\u00e9changes avec les voyagistes priv\u00e9s sur les conditions d\u2019organisation de l\u2019\u00e9dition 2023 du p\u00e8lerinage aux Lieux saints de l\u2019Islam. La rencontre s\u2019est tenue en pr\u00e9sence du d\u00e9l\u00e9gu\u00e9 g\u00e9n\u00e9ral au p\u00e8lerinage, l\u2019ambassadeur Aboubacar Sarr.<\/p>\n\n\n\n<p>Plusieurs repr\u00e9sentants de groupements et d\u2019agences de voyages ainsi que de repr\u00e9sentants des familles religieuses ont \u00e9galement pris part \u00e0 la rencontre.<\/p>\n\n\n\n<p>Aissata Tall a promis de discuter avec les autorit\u00e9s saoudiennes, les partenaires (banques, les compagnies d\u2019assurance\u2026) et l\u2019ambassade d\u2019Arabie Saoudite \u00e0 Dakar pour une facilitation de l\u2019octroi des visas.<\/p>\n\n\n\n<p>La ministre des Affaires \u00e9trang\u00e8res a rappel\u00e9 que 50% des p\u00e8lerins s\u00e9n\u00e9galais seront transport\u00e9s par une compagnie saoudienne. Pour l\u2019autre moiti\u00e9 restante, \u2018\u2019des discussions sont en cours avec la d\u00e9l\u00e9gation g\u00e9n\u00e9rale au p\u00e8lerinage\u2019\u2019, a-t-elle signal\u00e9.<\/p>\n\n\n\n<p>A\u00efssata Tall Sall a indiqu\u00e9 que \u2018\u2019le prix du packaging\u2019\u2019 pour le Hajj de cette ann\u00e9e sera communiqu\u00e9 prochainement en conseil interminist\u00e9riel.<\/p>\n\n\n\n<p>\u2018\u2019C\u2019est au cours du conseil interminist\u00e9riel, quand j\u2019aurai communiqu\u00e9 toutes les donn\u00e9es au Gouvernement, que le Premier ministre, Amadou Ba, aura lui-m\u00eame la latitude d\u2019annoncer le packaging, pour que nous puissions en discuter\u2019\u2019, a-t-elle pr\u00e9cis\u00e9 devant les voyagistes priv\u00e9s.<\/p>\n\n\n\n<p>Elle a assur\u00e9 que ses services ont \u2018\u2019essay\u00e9 de n\u00e9gocier aux meilleures conditions possibles, en tenant compte des circonstances de 2023 qui ne sont pas les m\u00eames que celles de 2022\u2018\u2019.<\/p>\n\n\n\n<p>Dans leurs interventions, les voyagistes ont soulev\u00e9 la question du \u2018\u2019visa d\u2019encadrement, qui est hors quota (\u2026)\u2019\u2019.<\/p>\n\n\n\n<p>Ils ont \u00e9galement demand\u00e9 au ministre d\u2019ouvrir prochainement \u2018\u2019tr\u00e8s t\u00f4t\u2019\u2019 la session, pour leur permettre d\u2019avoir les indicateurs n\u00e9cessaires concernant&nbsp;notamment le calendrier du Hajj, les prix des billets d\u2019avion et les plans de vol.<\/p>\n","protected":false},"excerpt":{"rendered":"<p>La ministre des Affaires \u00e9trang\u00e8res et des S\u00e9n\u00e9galais de l\u2019ext\u00e9rieur, A\u00efssata Tall Sall, s\u2019est engag\u00e9e, lundi \u00e0 Dakar, \u00e0 apporter<\/p>\n","protected":false},"author":1,"featured_media":9389,"comment_status":"open","ping_status":"open","sticky":false,"template":"","format":"standard","meta":{"footnotes":""},"categories":[3],"tags":[],"class_list":["post-9388","post","type-post","status-publish","format-standard","has-post-thumbnail","hentry","category-event-more-news"],"_links":{"self":[{"href":"https:\/\/dekkbi.com\/index.php?rest_route=\/wp\/v2\/posts\/9388","targetHints":{"allow":["GET"]}}],"collection":[{"href":"https:\/\/dekkbi.com\/index.php?rest_route=\/wp\/v2\/posts"}],"about":[{"href":"https:\/\/dekkbi.com\/index.php?rest_route=\/wp\/v2\/types\/post"}],"author":[{"embeddable":true,"href":"https:\/\/dekkbi.com\/index.php?rest_route=\/wp\/v2\/users\/1"}],"replies":[{"embeddable":true,"href":"https:\/\/dekkbi.com\/index.php?rest_route=%2Fwp%2Fv2%2Fcomments&post=9388"}],"version-history":[{"count":2,"href":"https:\/\/dekkbi.com\/index.php?rest_route=\/wp\/v2\/posts\/9388\/revisions"}],"predecessor-version":[{"id":9398,"href":"https:\/\/dekkbi.com\/index.php?rest_route=\/wp\/v2\/posts\/9388\/revisions\/9398"}],"wp:featuredmedia":[{"embeddable":true,"href":"https:\/\/dekkbi.com\/index.php?rest_route=\/wp\/v2\/media\/9389"}],"wp:attachment":[{"href":"https:\/\/dekkbi.com\/index.php?rest_route=%2Fwp%2Fv2%2Fmedia&parent=9388"}],"wp:term":[{"taxonomy":"category","embeddable":true,"href":"https:\/\/dekkbi.com\/index.php?rest_route=%2Fwp%2Fv2%2Fcategories&post=9388"},{"taxonomy":"post_tag","embeddable":true,"href":"https:\/\/dekkbi.com\/index.php?rest_route=%2Fwp%2Fv2%2Ftags&post=9388"}],"curies":[{"name":"wp","href":"https:\/\/api.w.org\/{rel}","templated":true}]}}