{"id":9383,"date":"2023-03-28T11:46:04","date_gmt":"2023-03-28T11:46:04","guid":{"rendered":"https:\/\/dekkbi.com\/?p=9383"},"modified":"2023-03-28T11:51:28","modified_gmt":"2023-03-28T11:51:28","slug":"me-amadou-sall-la-france-doit-savoir-que-nous-navons-pas-de-lecons-a-recevoir-delle","status":"publish","type":"post","link":"https:\/\/dekkbi.com\/?p=9383","title":{"rendered":"Me Amadou Sall : \u00abLa France doit savoir que nous n\u2019avons pas de le\u00e7ons \u00e0 recevoir d\u2019elle\u00a0\u00bb"},"content":{"rendered":"\n<h1 class=\"has-medium-font-size wp-block-heading\">L<strong>\u2019ancien ministre Me Amadou Sall n\u2019a pas du tout aim\u00e9 la sortie de l\u2019opposition fran\u00e7aise donnant son avis sur la politique s\u00e9n\u00e9galaise. Dans une \u00e9mission \u00e0 la Rts, l\u2019avocat a tir\u00e9 \u00e0 boulets rouges sur la France.<\/strong><\/h1>\n\n\n\n<p><em>\u00ab&nbsp;La France doit savoir que le S\u00e9n\u00e9gal est un pays souverain qui m\u00e8ne sa politique souverainement et conform\u00e9ment aux r\u00e8gles d\u00e9mocratiques qu\u2019il s\u2019est fix\u00e9&nbsp;\u00bb,<\/em>&nbsp;a d\u2019abord rappel\u00e9 l\u2019ancien ministre lib\u00e9ral sous Abdoulaye Wade.<\/p>\n\n\n\n<p><em>\u00ab&nbsp;Nous sommes un pays libre, d\u00e9colonis\u00e9 et ind\u00e9pendant qui n\u2019a pas de le\u00e7on \u00e0 recevoir de la France. Le d\u00e9put\u00e9 Fran\u00e7ais a \u00e9t\u00e9 \u00e9lu pour s\u2019occuper des populations fran\u00e7aises. Qu\u2019ils s\u2019occupent de leur d\u00e9mocratie et nous de la n\u00f4tre&nbsp;\u00bb,<\/em>&nbsp;a ajout\u00e9 Me Amadou Sall qui invite la France de s\u2019occuper de ses probl\u00e8mes.<\/p>\n\n\n\n<p>Abordant la question de la candidature du Pr\u00e9sident Macky Sall, l\u2019avocat a rappel\u00e9 que le mandat de 2012 du Pr\u00e9sident Macky Sall est hors de port\u00e9e de la loi de 2016 rappelant des avis constitutionnels d\u2019experts en la mati\u00e8re.<\/p>\n\n\n\n<h3 class=\"wp-block-heading\" id=\"reply-title\">SOURCE SENEGO<\/h3>\n","protected":false},"excerpt":{"rendered":"<p>L\u2019ancien ministre Me Amadou Sall n\u2019a pas du tout aim\u00e9 la sortie de l\u2019opposition fran\u00e7aise donnant son avis sur la<\/p>\n","protected":false},"author":1,"featured_media":9384,"comment_status":"open","ping_status":"open","sticky":false,"template":"","format":"standard","meta":{"footnotes":""},"categories":[6],"tags":[],"class_list":["post-9383","post","type-post","status-publish","format-standard","has-post-thumbnail","hentry","category-politics"],"_links":{"self":[{"href":"https:\/\/dekkbi.com\/index.php?rest_route=\/wp\/v2\/posts\/9383","targetHints":{"allow":["GET"]}}],"collection":[{"href":"https:\/\/dekkbi.com\/index.php?rest_route=\/wp\/v2\/posts"}],"about":[{"href":"https:\/\/dekkbi.com\/index.php?rest_route=\/wp\/v2\/types\/post"}],"author":[{"embeddable":true,"href":"https:\/\/dekkbi.com\/index.php?rest_route=\/wp\/v2\/users\/1"}],"replies":[{"embeddable":true,"href":"https:\/\/dekkbi.com\/index.php?rest_route=%2Fwp%2Fv2%2Fcomments&post=9383"}],"version-history":[{"count":2,"href":"https:\/\/dekkbi.com\/index.php?rest_route=\/wp\/v2\/posts\/9383\/revisions"}],"predecessor-version":[{"id":9387,"href":"https:\/\/dekkbi.com\/index.php?rest_route=\/wp\/v2\/posts\/9383\/revisions\/9387"}],"wp:featuredmedia":[{"embeddable":true,"href":"https:\/\/dekkbi.com\/index.php?rest_route=\/wp\/v2\/media\/9384"}],"wp:attachment":[{"href":"https:\/\/dekkbi.com\/index.php?rest_route=%2Fwp%2Fv2%2Fmedia&parent=9383"}],"wp:term":[{"taxonomy":"category","embeddable":true,"href":"https:\/\/dekkbi.com\/index.php?rest_route=%2Fwp%2Fv2%2Fcategories&post=9383"},{"taxonomy":"post_tag","embeddable":true,"href":"https:\/\/dekkbi.com\/index.php?rest_route=%2Fwp%2Fv2%2Ftags&post=9383"}],"curies":[{"name":"wp","href":"https:\/\/api.w.org\/{rel}","templated":true}]}}