{"id":9359,"date":"2023-03-28T10:09:32","date_gmt":"2023-03-28T10:09:32","guid":{"rendered":"https:\/\/dekkbi.com\/?p=9359"},"modified":"2023-03-28T10:09:33","modified_gmt":"2023-03-28T10:09:33","slug":"idy-reporte-sa-declaration-apres-le-04-avril","status":"publish","type":"post","link":"https:\/\/dekkbi.com\/?p=9359","title":{"rendered":"Idy reporte sa d\u00e9claration apr\u00e8s le 04 avril"},"content":{"rendered":"\n<p>iGFM &#8211; (Dakar) Toute la presse nationale et internationale \u00e9tait pr\u00eate pour recueillir la d\u00e9claration du Pr\u00e9sident Idrissa Seck ce lundi \u00e0 16 heures au Business City Dakar, sur la VDN.<\/p>\n\n\n\n<p>A 13 heures, l\u2019important face-\u00e0-face avec la presse a \u00e9t\u00e9 annul\u00e9, sans explication, par l\u2019entremise de son charg\u00e9 de communication.<\/p>\n\n\n\n<p>Qu\u2019est-ce qui a bien pu motiver le report de cette d\u00e9claration que tout le monde attendait?\u00a0<\/p>\n\n\n\n<p>Il y a quelques jours seulement, la presse s\u00e9n\u00e9galaise s\u2019interrogeait sur les raisons du silence assourdissant du Pr\u00e9sident du CESE par rapport aux manifestations et violences du 21 mars dernier, alors que l\u2019homme politique \u00e9tait mont\u00e9 au cr\u00e9neau lors des violentes \u00e9meutes de mars 2021. Ce lundi, Idy \u00e9tait particuli\u00e8rement attendu sur son \u00e9ventuelle candidature \u00e0 la pr\u00e9sidentielle de 2024, le d\u00e9bat du troisi\u00e8me mandat de Macky Sall, et les tensions politiques suscit\u00e9es par les manifestations de l\u2019opposition annonc\u00e9es pour la veille du proc\u00e8s Ousmane Sonko-Mame Mbaye Niang et de la f\u00eate du 4 avril.<\/p>\n\n\n\n<p>Selon des sources proches de l\u2019ancien Premier ministre (2002-2004) arriv\u00e9 second \u00e0 la pr\u00e9sidentielle de 2019, Idrissa Seck aurait plut\u00f4t entrepris des d\u00e9marches en vue de contribuer \u00e0 pr\u00e9server \u00ab&nbsp;la paix et la stabilit\u00e9&nbsp;\u00bb dans le contexte socio-politique tr\u00e8s tendu que nous connaissons tous.&nbsp;<\/p>\n\n\n\n<p>Alors que le S\u00e9n\u00e9gal s\u2019achemine vers la c\u00e9l\u00e9bration de sa 63 \u00e8me ann\u00e9e d\u2019ind\u00e9pendance le 4 avril prochain, la tension politique est mont\u00e9e de plusieurs crans, en raison des appels \u00e0 l\u2019insurrection et \u00e0 la violence lanc\u00e9s par le leader de l\u2019opposition, englu\u00e9 dans des affaires judiciaires, chaque fois qu\u2019il est convoqu\u00e9 par la justice. L\u2019ancien Maire de Thi\u00e8s ne souhaite visiblement pas associer sa d\u00e9claration \u00e0 des pol\u00e9miques et des controverses, alors que le S\u00e9n\u00e9gal c\u00e9l\u00e8bre dans quelques jours la comm\u00e9moration de son accession \u00e0 l\u2019Ind\u00e9pendance.&nbsp;<\/p>\n\n\n\n<p>Nos sources nous affirment cependant que ce n\u2019est que partie remise et que les S\u00e9n\u00e9galais qui attendaient le discours d\u2019Idy seront \u00e9difi\u00e9s apr\u00e8s le 4 avril. Une f\u00eate nationale qui a un caract\u00e8re sacr\u00e9 pour la jeunesse et les Forces de d\u00e9fense et de s\u00e9curit\u00e9 s\u00e9n\u00e9galaises. Idrissa Seck devrait donc nous \u00e9difier apr\u00e8s cette s\u00e9quence empreinte de solennit\u00e9 r\u00e9publicaine.<\/p>\n","protected":false},"excerpt":{"rendered":"<p>iGFM &#8211; (Dakar) Toute la presse nationale et internationale \u00e9tait pr\u00eate pour recueillir la d\u00e9claration du Pr\u00e9sident Idrissa Seck ce<\/p>\n","protected":false},"author":1,"featured_media":9283,"comment_status":"open","ping_status":"open","sticky":false,"template":"","format":"standard","meta":{"footnotes":""},"categories":[6],"tags":[],"class_list":["post-9359","post","type-post","status-publish","format-standard","has-post-thumbnail","hentry","category-politics"],"_links":{"self":[{"href":"https:\/\/dekkbi.com\/index.php?rest_route=\/wp\/v2\/posts\/9359","targetHints":{"allow":["GET"]}}],"collection":[{"href":"https:\/\/dekkbi.com\/index.php?rest_route=\/wp\/v2\/posts"}],"about":[{"href":"https:\/\/dekkbi.com\/index.php?rest_route=\/wp\/v2\/types\/post"}],"author":[{"embeddable":true,"href":"https:\/\/dekkbi.com\/index.php?rest_route=\/wp\/v2\/users\/1"}],"replies":[{"embeddable":true,"href":"https:\/\/dekkbi.com\/index.php?rest_route=%2Fwp%2Fv2%2Fcomments&post=9359"}],"version-history":[{"count":1,"href":"https:\/\/dekkbi.com\/index.php?rest_route=\/wp\/v2\/posts\/9359\/revisions"}],"predecessor-version":[{"id":9360,"href":"https:\/\/dekkbi.com\/index.php?rest_route=\/wp\/v2\/posts\/9359\/revisions\/9360"}],"wp:featuredmedia":[{"embeddable":true,"href":"https:\/\/dekkbi.com\/index.php?rest_route=\/wp\/v2\/media\/9283"}],"wp:attachment":[{"href":"https:\/\/dekkbi.com\/index.php?rest_route=%2Fwp%2Fv2%2Fmedia&parent=9359"}],"wp:term":[{"taxonomy":"category","embeddable":true,"href":"https:\/\/dekkbi.com\/index.php?rest_route=%2Fwp%2Fv2%2Fcategories&post=9359"},{"taxonomy":"post_tag","embeddable":true,"href":"https:\/\/dekkbi.com\/index.php?rest_route=%2Fwp%2Fv2%2Ftags&post=9359"}],"curies":[{"name":"wp","href":"https:\/\/api.w.org\/{rel}","templated":true}]}}