{"id":9356,"date":"2023-03-28T10:06:21","date_gmt":"2023-03-28T10:06:21","guid":{"rendered":"https:\/\/dekkbi.com\/?p=9356"},"modified":"2023-03-28T10:06:23","modified_gmt":"2023-03-28T10:06:23","slug":"finance-islamique-des-investisseurs-saoudiens-a-dakar-pour-saisir-les-opportunites-sur-le-petrole-le-gaz","status":"publish","type":"post","link":"https:\/\/dekkbi.com\/?p=9356","title":{"rendered":"Finance Islamique: Des investisseurs saoudiens \u00e0 Dakar pour saisir les opportunit\u00e9s sur le p\u00e9trole, le gaz"},"content":{"rendered":"\n<p>En pr\u00e9lude au 8\u00e8me Forum International sur la Finance Islamique de l\u2019Afrique de l\u2019Ouest, pr\u00e9vu les 12 et 13 Juin prochain sous la Pr\u00e9sidence effective du Pr\u00e9sident Macky Sall et du Pr\u00e9sident de la Banque Islamique de D\u00e9veloppement, l\u2019Institut Africain de Finance Islamique (AIIF), en partenariat avec le Bureau Op\u00e9rationnel de Suivi du Plan S\u00e9n\u00e9gal Emergent (BOS\/PSE), organise une Journ\u00e9e de l\u2019Energie sur le th\u00e8me : \u201cLes Opportunit\u00e9s de Financement Islamique pour le Secteur de l\u2019Energie : P\u00e9trole, Gaz et Energie Renouvelable\u201d, le mardi 28 Mars 2023 au Radisson Blu de Dakar.<\/p>\n\n\n\n<p>En partenariat \u00e9galement avec la Islamic Corporation for the Development of the Private Sector (ICD), une entit\u00e9 ind\u00e9pendante au sein du Groupe de la Banque Islamique de D\u00e9veloppement (BID), les principaux objectifs de la journ\u00e9e sont les suivants : identifier les opportunit\u00e9s d&rsquo;investissement dans le secteur public et priv\u00e9 du secteur de l\u2019Energie: P\u00e9trole et Gaz , son business p\u00e9riph\u00e9rique et son contenu local ainsi que le secteur des Energies renouvelables.\u00a0<\/p>\n\n\n\n<p>Aux c\u00f4t\u00e9s de ICD, la pr\u00e9sence d\u2019un groupe d\u2019investisseurs saoudiens souhaite initier des B2B avec les acteurs du secteur en perspective du Forum de Juin.<\/p>\n\n\n\n<p><br>Le Forum International sur la Finance Islamique, rendez-vous annuel des d\u00e9cideurs du monde \u00e9conomique et financier de l\u2019Afrique de l\u2019Ouest sur le domaine de la finance islamique, en sus des sujets \u00e9voqu\u00e9s, va comporter \u00e9galement, comme pour les pr\u00e9c\u00e9dentes \u00e9ditions, une pl\u00e9ni\u00e8re sur la Fintech Islamique, secteur \u00e0 forte croissance dans la sous-r\u00e9gion ouest africaine.<\/p>\n","protected":false},"excerpt":{"rendered":"<p>En pr\u00e9lude au 8\u00e8me Forum International sur la Finance Islamique de l\u2019Afrique de l\u2019Ouest, pr\u00e9vu les 12 et 13 Juin<\/p>\n","protected":false},"author":1,"featured_media":9357,"comment_status":"open","ping_status":"open","sticky":false,"template":"","format":"standard","meta":{"footnotes":""},"categories":[3],"tags":[],"class_list":["post-9356","post","type-post","status-publish","format-standard","has-post-thumbnail","hentry","category-event-more-news"],"_links":{"self":[{"href":"https:\/\/dekkbi.com\/index.php?rest_route=\/wp\/v2\/posts\/9356","targetHints":{"allow":["GET"]}}],"collection":[{"href":"https:\/\/dekkbi.com\/index.php?rest_route=\/wp\/v2\/posts"}],"about":[{"href":"https:\/\/dekkbi.com\/index.php?rest_route=\/wp\/v2\/types\/post"}],"author":[{"embeddable":true,"href":"https:\/\/dekkbi.com\/index.php?rest_route=\/wp\/v2\/users\/1"}],"replies":[{"embeddable":true,"href":"https:\/\/dekkbi.com\/index.php?rest_route=%2Fwp%2Fv2%2Fcomments&post=9356"}],"version-history":[{"count":1,"href":"https:\/\/dekkbi.com\/index.php?rest_route=\/wp\/v2\/posts\/9356\/revisions"}],"predecessor-version":[{"id":9358,"href":"https:\/\/dekkbi.com\/index.php?rest_route=\/wp\/v2\/posts\/9356\/revisions\/9358"}],"wp:featuredmedia":[{"embeddable":true,"href":"https:\/\/dekkbi.com\/index.php?rest_route=\/wp\/v2\/media\/9357"}],"wp:attachment":[{"href":"https:\/\/dekkbi.com\/index.php?rest_route=%2Fwp%2Fv2%2Fmedia&parent=9356"}],"wp:term":[{"taxonomy":"category","embeddable":true,"href":"https:\/\/dekkbi.com\/index.php?rest_route=%2Fwp%2Fv2%2Fcategories&post=9356"},{"taxonomy":"post_tag","embeddable":true,"href":"https:\/\/dekkbi.com\/index.php?rest_route=%2Fwp%2Fv2%2Ftags&post=9356"}],"curies":[{"name":"wp","href":"https:\/\/api.w.org\/{rel}","templated":true}]}}