{"id":9282,"date":"2023-03-27T12:02:01","date_gmt":"2023-03-27T12:02:01","guid":{"rendered":"https:\/\/dekkbi.com\/?p=9282"},"modified":"2023-03-27T12:02:02","modified_gmt":"2023-03-27T12:02:02","slug":"sortie-didrissa-seck-serie-de-manifestations-de-yewwi-audience-speciale-sur-laffaire-prodac-la-semaine-de-toutes-les-incertitudes","status":"publish","type":"post","link":"https:\/\/dekkbi.com\/?p=9282","title":{"rendered":"Sortie d\u2019Idrissa Seck, s\u00e9rie de manifestations de Yewwi, audience sp\u00e9ciale sur l\u2019affaire prodac: la semaine de toutes les incertitudes"},"content":{"rendered":"\n<p><strong>Le S\u00e9n\u00e9gal s\u2019appr\u00eate \u00e0 vivre une semaine remplie d\u2019incertitudes. En effet, alors que l\u2019audience sp\u00e9ciale dans l\u2019affaire de diffamation opposant Ousmane Sonko \u00e0 Mame Mbaye Niang doit se tenir le jeudi 30 mars prochain, d\u2019autres \u00e9v\u00e9nements politiques s\u2019invitent \u00e0 l\u2019agenda de cette semaine. Des \u00e9v\u00e8nements qui pourraient marquer un tournant d\u00e9cisif dans la vie politique du pays en direction de la pr\u00e9sidentielle de 2024.<\/strong><\/p>\n\n\n\n<p>La semaine qui d\u00e9bute s\u2019annonce tr\u00e8s charg\u00e9e en termes d\u2019activit\u00e9s politiques. En effet, alors que l\u2019audience sp\u00e9ciale dans l\u2019affaire de diffamation opposant Ousmane Sonko \u00e0 Mame Mbaye Niang doit se tenir le jeudi 30 mars prochain, d\u2019autres \u00e9v\u00e9nements risquent de se greffer \u00e0 l\u2019agenda politique d\u00e9j\u00e0 lourd de tension. Il s\u2019agit notamment de la s\u00e9rie de manifestations sur l\u2019\u00e9tendue du territoire national \u00e0 partir du mercredi 29 mars au 3 avril prochain, veille de la f\u00eate l\u2019ind\u00e9pendance, appel\u00e9e par la conf\u00e9rence des leaders de la coalition Yewwi Askan wi. En conf\u00e9rence de presse le vendredi 24 mars dernier, l\u2019ancien ministre d\u2019\u00c9tat sous le r\u00e9gime lib\u00e9ral du pr\u00e9sident Wade, Habib Sy, pr\u00e9sident de la conf\u00e9rence des leaders de Yewwi askan wi et compagnie ont accus\u00e9 le r\u00e9gime du pr\u00e9sident Macky Sall d\u2019utiliser la justice pour \u00e9carter la candidature d\u2019Ousmane Sonko et de forcer sa troisi\u00e8me candidature. Ils ont ainsi annonc\u00e9 une marche \u00e0 Dakar (du rond-point de l\u2019universit\u00e9 Cheikh Anta Diop jusqu\u2019\u00e0 la M\u00e9dina), le mercredi 29 mars, \u00e0 la veille du proc\u00e8s d\u2019Ousmane Sonko et Mame Mbaye Niang et d\u2019autres manifestations \u00ab dans les 46 d\u00e9partements du pays \u00bb le jeudi 30 mars. Des mobilisations sont aussi envisag\u00e9es le 3 avril. Outre cette marche annonc\u00e9e par les leaders de la coalition Yewwi askan wi, la semaine sera \u00e9galement marqu\u00e9e par la sortie du pr\u00e9sident du parti Rewmi, Idrissa Seck, et non moins actuel pr\u00e9sident du Conseil \u00e9conomique, social et environnemental (CESE) pr\u00e9vue ce soir \u00e0 16h \u00e0 Dakar. Ancien Premier ministre sous le r\u00e9gime lib\u00e9ral du pr\u00e9sident Wade, Idrissa Seck \u00e9tait arriv\u00e9 2\u00e8me \u00e0 l\u2019issue de la derni\u00e8re \u00e9lection pr\u00e9sidentielle de 2019. Le mois de novembre de la m\u00eame ann\u00e9e, il avait d\u00e9cid\u00e9 contre toute attente, de rejoindre le gouvernement actuel qu\u2019il avait quitt\u00e9 en 2013.<\/p>\n\n\n\n<p>Seulement, dans son discours lors du Conseil pr\u00e9sidentiel tenu dans le cadre des conseils des ministres d\u00e9centralis\u00e9s \u00e0 Thi\u00e8s au mois de f\u00e9vrier dernier, Idrissa Seck apr\u00e8s avoir magnifi\u00e9 ses r\u00e9alisations, avait lanc\u00e9 \u00e0 l\u2019endroit du pr\u00e9sident Macky Sall ces mots sibyllins qui pourraient pr\u00e9sager d\u2019une invite \u00e0 se retirer de la sc\u00e8ne &nbsp;: \u00ab Continuez d\u2019apaiser votre c\u0153ur et de fortifier votre esprit pour que les futurs choix que vous aurez \u00e0 faire puissent vous valoir un parach\u00e8vement de votre parcours d\u00e9j\u00e0 beau et exceptionnel \u00bb.<\/p>\n\n\n\n<p>Quelques jours apr\u00e8s cette sortie qui a fait couler beaucoup d\u2019encre, le pr\u00e9sident du parti Rewmi est encore revenu \u00e0 la charge en d\u00e9clarant lors d\u2019un s\u00e9minaire de son parti le 25 f\u00e9vrier que ses \u00ab ambitions et son projet politique pour le S\u00e9n\u00e9gal restent constants \u00bb. \u00ab De Sopi (le changement, slogan du PDS, parti dont il fut le num\u00e9ro 2) d\u2019hier au Rewmi d\u2019aujourd\u2019hui, je poursuis invariablement et inlassablement le m\u00eame projet politique dont les piliers demeurent constants \u00bb. Si jamais Idrissa Seck franchissait le Rubicon en d\u00e9clarant sa candidature \u00e0 la pr\u00e9sidentielle, la donne pourrait changer toute la perspective vers le scrutin pr\u00e9sidentiel de 2024, surtout pour le chef de l\u2019Etat et sa majorit\u00e9 d\u00e9j\u00e0 engag\u00e9s dans un \u00ab&nbsp;mortal kombat&nbsp;\u00bb avec l\u2019opposition incarn\u00e9e par Yewwi Askan wi.<\/p>\n\n\n\n<p><strong>NANDO CABRAL GOMIS<\/strong><\/p>\n\n\n\n<p>SUDQUOTIDIEN<\/p>\n","protected":false},"excerpt":{"rendered":"<p>Le S\u00e9n\u00e9gal s\u2019appr\u00eate \u00e0 vivre une semaine remplie d\u2019incertitudes. En effet, alors que l\u2019audience sp\u00e9ciale dans l\u2019affaire de diffamation opposant<\/p>\n","protected":false},"author":1,"featured_media":9283,"comment_status":"open","ping_status":"open","sticky":false,"template":"","format":"standard","meta":{"footnotes":""},"categories":[6],"tags":[],"class_list":["post-9282","post","type-post","status-publish","format-standard","has-post-thumbnail","hentry","category-politics"],"_links":{"self":[{"href":"https:\/\/dekkbi.com\/index.php?rest_route=\/wp\/v2\/posts\/9282","targetHints":{"allow":["GET"]}}],"collection":[{"href":"https:\/\/dekkbi.com\/index.php?rest_route=\/wp\/v2\/posts"}],"about":[{"href":"https:\/\/dekkbi.com\/index.php?rest_route=\/wp\/v2\/types\/post"}],"author":[{"embeddable":true,"href":"https:\/\/dekkbi.com\/index.php?rest_route=\/wp\/v2\/users\/1"}],"replies":[{"embeddable":true,"href":"https:\/\/dekkbi.com\/index.php?rest_route=%2Fwp%2Fv2%2Fcomments&post=9282"}],"version-history":[{"count":1,"href":"https:\/\/dekkbi.com\/index.php?rest_route=\/wp\/v2\/posts\/9282\/revisions"}],"predecessor-version":[{"id":9284,"href":"https:\/\/dekkbi.com\/index.php?rest_route=\/wp\/v2\/posts\/9282\/revisions\/9284"}],"wp:featuredmedia":[{"embeddable":true,"href":"https:\/\/dekkbi.com\/index.php?rest_route=\/wp\/v2\/media\/9283"}],"wp:attachment":[{"href":"https:\/\/dekkbi.com\/index.php?rest_route=%2Fwp%2Fv2%2Fmedia&parent=9282"}],"wp:term":[{"taxonomy":"category","embeddable":true,"href":"https:\/\/dekkbi.com\/index.php?rest_route=%2Fwp%2Fv2%2Fcategories&post=9282"},{"taxonomy":"post_tag","embeddable":true,"href":"https:\/\/dekkbi.com\/index.php?rest_route=%2Fwp%2Fv2%2Ftags&post=9282"}],"curies":[{"name":"wp","href":"https:\/\/api.w.org\/{rel}","templated":true}]}}