{"id":9279,"date":"2023-03-27T11:56:51","date_gmt":"2023-03-27T11:56:51","guid":{"rendered":"https:\/\/dekkbi.com\/?p=9279"},"modified":"2023-03-27T11:56:52","modified_gmt":"2023-03-27T11:56:52","slug":"profanation-de-tombes-a-kolda-deux-autres-suspects-apprehendes-par-la-police","status":"publish","type":"post","link":"https:\/\/dekkbi.com\/?p=9279","title":{"rendered":"Profanation de tombes \u00e0 Kolda: Deux autres suspects appr\u00e9hend\u00e9s par la police"},"content":{"rendered":"\n<p>Du nouveau dans l\u2019affaire de la profanation de 3 tombes au cimeti\u00e8re de Gadapara, situ\u00e9 dans la commune de Kolda, les 16, 17 et 19 mars. Apr\u00e8s l\u2019arrestation d\u2019un premier suspect il y a quelques jours, l\u2019homme, trouv\u00e9 \u00e0 l\u2019int\u00e9rieur du cimeti\u00e8re, semble avoir des complices dans cette pratique. Amadou dit Serigne Diagne a \u00e9t\u00e9 arr\u00eat\u00e9 mercredi dernier par les \u00e9l\u00e9ments du Commissariat central de Kolda. Pour en savoir plus, la police a r\u00e9ussi, apr\u00e8s interrogatoire et enqu\u00eate, \u00e0 d\u00e9nicher deux autres suspects. Et cela apr\u00e8s une perquisition effectu\u00e9e dans le logement de cet homme. Cette perquisition a permis la d\u00e9couverte d\u2019objets mystiques, dans la salle de bain de sa chambre, dits \u00abdialang\u00bb, compos\u00e9s de cornes, de cauris, de gris-gris et d\u2019objets de toutes sortes. Choses qui laissent croire \u00e0 la pratique de la magie noire.<\/p>\n\n\n\n<p>Interpell\u00e9 sur cette d\u00e9couverte, il affirme ne pas en \u00eatre le propri\u00e9taire. Pour se d\u00e9douaner, Il a d\u00e9sign\u00e9 son tuteur, le nomm\u00e9 Salif Bald\u00e9, comme \u00e9tant le propri\u00e9taire. Ce dernier est un vendeur de m\u00e9dicaments traditionnels et tradi-praticien. Arr\u00eat\u00e9 et interrog\u00e9, Salif Bald\u00e9 dit ignorer \u00e0 qui appartient ces objets trouv\u00e9s, m\u00eame s\u2019il avoue avoir h\u00e9berg\u00e9 le mis en cause pour lui permettre de se soigner traditionnellement.<\/p>\n\n\n\n<p>Quant \u00e0 l\u2019autre suspect nomm\u00e9 Abdou Bald\u00e9, \u00e2g\u00e9 de 21 ans, tailleur de profession, domicili\u00e9 au quartier Sar\u00e9 Kemo dans la commune de Kolda, il partage la m\u00eame chambre que le mis en cause. Toutefois, il dit aussi ne pas conna\u00eetre le propri\u00e9taire des objets retrouv\u00e9s dans la salle de bain de leur chambre. Ainsi, selon les d\u00e9clarations de Abdou Bald\u00e9, Amadou dit Serigne Diagne effectue fr\u00e9quemment des bains mystiques sur la terrasse. Pour ce qui est de la suppos\u00e9e maladie du susnomm\u00e9, il n\u2019a jamais \u00e9t\u00e9 mis au courant puisque ce dernier lui avait d\u00e9clar\u00e9 \u00eatre venu \u00e0 Kolda pour ouvrir une boutique de pr\u00eat-\u00e0-porter.<\/p>\n\n\n\n<p>Ayant suffisamment d\u2019indices corroborant leur culpabilit\u00e9, la police a d\u00e9cid\u00e9 de les placer en garde \u00e0 vue pour \u00abprofanation et complicit\u00e9 de profanation de s\u00e9pulture\u00bb, selon le Com\u00admissaire central Malick Dieng. Les trois pr\u00e9sum\u00e9s auteurs de profanation de tombes \u00e0 Kolda seront pr\u00e9sent\u00e9s au Parquet ce lundi.<\/p>\n\n\n\n<p><br><strong>Par Aladji BADJILANG \u2013 eh.coly@lequotidien.sn<\/strong><\/p>\n","protected":false},"excerpt":{"rendered":"<p>Du nouveau dans l\u2019affaire de la profanation de 3 tombes au cimeti\u00e8re de Gadapara, situ\u00e9 dans la commune de Kolda,<\/p>\n","protected":false},"author":1,"featured_media":9280,"comment_status":"open","ping_status":"open","sticky":false,"template":"","format":"standard","meta":{"footnotes":""},"categories":[26],"tags":[],"class_list":["post-9279","post","type-post","status-publish","format-standard","has-post-thumbnail","hentry","category-fait-divers"],"_links":{"self":[{"href":"https:\/\/dekkbi.com\/index.php?rest_route=\/wp\/v2\/posts\/9279","targetHints":{"allow":["GET"]}}],"collection":[{"href":"https:\/\/dekkbi.com\/index.php?rest_route=\/wp\/v2\/posts"}],"about":[{"href":"https:\/\/dekkbi.com\/index.php?rest_route=\/wp\/v2\/types\/post"}],"author":[{"embeddable":true,"href":"https:\/\/dekkbi.com\/index.php?rest_route=\/wp\/v2\/users\/1"}],"replies":[{"embeddable":true,"href":"https:\/\/dekkbi.com\/index.php?rest_route=%2Fwp%2Fv2%2Fcomments&post=9279"}],"version-history":[{"count":1,"href":"https:\/\/dekkbi.com\/index.php?rest_route=\/wp\/v2\/posts\/9279\/revisions"}],"predecessor-version":[{"id":9281,"href":"https:\/\/dekkbi.com\/index.php?rest_route=\/wp\/v2\/posts\/9279\/revisions\/9281"}],"wp:featuredmedia":[{"embeddable":true,"href":"https:\/\/dekkbi.com\/index.php?rest_route=\/wp\/v2\/media\/9280"}],"wp:attachment":[{"href":"https:\/\/dekkbi.com\/index.php?rest_route=%2Fwp%2Fv2%2Fmedia&parent=9279"}],"wp:term":[{"taxonomy":"category","embeddable":true,"href":"https:\/\/dekkbi.com\/index.php?rest_route=%2Fwp%2Fv2%2Fcategories&post=9279"},{"taxonomy":"post_tag","embeddable":true,"href":"https:\/\/dekkbi.com\/index.php?rest_route=%2Fwp%2Fv2%2Ftags&post=9279"}],"curies":[{"name":"wp","href":"https:\/\/api.w.org\/{rel}","templated":true}]}}