{"id":9270,"date":"2023-03-27T11:41:17","date_gmt":"2023-03-27T11:41:17","guid":{"rendered":"https:\/\/dekkbi.com\/?p=9270"},"modified":"2023-03-27T11:41:18","modified_gmt":"2023-03-27T11:41:18","slug":"arona-coumba-ndoffene-ministre-conseiller-macky-a-epuise-ses-2-mandats","status":"publish","type":"post","link":"https:\/\/dekkbi.com\/?p=9270","title":{"rendered":"Arona Coumba Ndoff\u00e8ne (ministre-conseiller): \u00abMacky a \u00e9puis\u00e9 ses 2 mandats\u00bb"},"content":{"rendered":"\n<p>iGFM &#8211; (Dakar) Arona Coumba Ndoff\u00e8ne Diouf, ministre conseiller du pr\u00e9sident Macky Sall, a d\u00e9cid\u00e9 d\u2019\u00eatre candidat \u00e0 la pr\u00e9sidentielle. Hier, face \u00e0 la presse, il a d\u00e9clar\u00e9 que l&rsquo;actuel pr\u00e9sident de la R\u00e9publique ne peut, moralement, pas se pr\u00e9senter pour la prochaine pr\u00e9sidentielle.<\/p>\n\n\n\n<p>\u00abMacky Sall a \u00e9puis\u00e9 ses deux mandats. Juridiquement il a le droit de se pr\u00e9senter. Donc, ce n&rsquo;est pas une question de d\u00e9cision du Conseil constitutionnel, mais plut\u00f4t de morale et de d\u00e9cence\u00bb, a-t-il martel\u00e9.<br><br>Devant la presse, le ministre-conseiller de Macky Sall a d\u00e9clar\u00e9 que la morale nous interdit de nous d\u00e9dire. \u00abMacky a fait une d\u00e9claration et tous les S\u00e9n\u00e9galais ont approuv\u00e9, il n&rsquo;a pas le droit de d\u00e9cevoir, ni de se d\u00e9dire\u00bb, affirme Arona Coumba Ndoff\u00e8ne Diouf.<\/p>\n","protected":false},"excerpt":{"rendered":"<p>iGFM &#8211; (Dakar) Arona Coumba Ndoff\u00e8ne Diouf, ministre conseiller du pr\u00e9sident Macky Sall, a d\u00e9cid\u00e9 d\u2019\u00eatre candidat \u00e0 la pr\u00e9sidentielle.<\/p>\n","protected":false},"author":1,"featured_media":9271,"comment_status":"open","ping_status":"open","sticky":false,"template":"","format":"standard","meta":{"footnotes":""},"categories":[6],"tags":[],"class_list":["post-9270","post","type-post","status-publish","format-standard","has-post-thumbnail","hentry","category-politics"],"_links":{"self":[{"href":"https:\/\/dekkbi.com\/index.php?rest_route=\/wp\/v2\/posts\/9270","targetHints":{"allow":["GET"]}}],"collection":[{"href":"https:\/\/dekkbi.com\/index.php?rest_route=\/wp\/v2\/posts"}],"about":[{"href":"https:\/\/dekkbi.com\/index.php?rest_route=\/wp\/v2\/types\/post"}],"author":[{"embeddable":true,"href":"https:\/\/dekkbi.com\/index.php?rest_route=\/wp\/v2\/users\/1"}],"replies":[{"embeddable":true,"href":"https:\/\/dekkbi.com\/index.php?rest_route=%2Fwp%2Fv2%2Fcomments&post=9270"}],"version-history":[{"count":1,"href":"https:\/\/dekkbi.com\/index.php?rest_route=\/wp\/v2\/posts\/9270\/revisions"}],"predecessor-version":[{"id":9272,"href":"https:\/\/dekkbi.com\/index.php?rest_route=\/wp\/v2\/posts\/9270\/revisions\/9272"}],"wp:featuredmedia":[{"embeddable":true,"href":"https:\/\/dekkbi.com\/index.php?rest_route=\/wp\/v2\/media\/9271"}],"wp:attachment":[{"href":"https:\/\/dekkbi.com\/index.php?rest_route=%2Fwp%2Fv2%2Fmedia&parent=9270"}],"wp:term":[{"taxonomy":"category","embeddable":true,"href":"https:\/\/dekkbi.com\/index.php?rest_route=%2Fwp%2Fv2%2Fcategories&post=9270"},{"taxonomy":"post_tag","embeddable":true,"href":"https:\/\/dekkbi.com\/index.php?rest_route=%2Fwp%2Fv2%2Ftags&post=9270"}],"curies":[{"name":"wp","href":"https:\/\/api.w.org\/{rel}","templated":true}]}}