{"id":9267,"date":"2023-03-27T11:27:51","date_gmt":"2023-03-27T11:27:51","guid":{"rendered":"https:\/\/dekkbi.com\/?p=9267"},"modified":"2023-03-27T11:27:52","modified_gmt":"2023-03-27T11:27:52","slug":"series-darrestations-lecole-et-la-sante-en-ebullition","status":"publish","type":"post","link":"https:\/\/dekkbi.com\/?p=9267","title":{"rendered":"S\u00e9ries d\u2019arrestations : L\u2019\u00c9cole et la Sant\u00e9 en \u00e9bullition"},"content":{"rendered":"\n<p><strong>L\u2019\u00e9cole va renouer avec les gr\u00e8ves. Le G7, qui d\u00e9nonce les violations de l\u2019espace scolaire ainsi que les tentatives d\u2019intimidation et de restriction des libert\u00e9s, notamment les arrestations d\u2019enseignants et d\u2019\u00e9l\u00e8ves, a d\u00e9cr\u00e9t\u00e9 des d\u00e9brayages lundi et mardi.<\/strong><\/p>\n\n\n\n<p><strong>Par Dieynaba KANE \u2013&nbsp;<\/strong>Le syst\u00e8me \u00e9ducatif va \u00eatre encore paralys\u00e9 pendant deux jours. Le G7, qui regroupe le Cusems, le Sels, l\u2019Uden, le Cusems\/A, le Saemss, le Siens et le Snelas\/Fc, a d\u00e9cr\u00e9t\u00e9 des d\u00e9brayages aujourd\u2019hui et demain \u00e0 partir de 10h. Les syndicats les plus repr\u00e9sentatifs du secteur de l\u2019\u00e9ducation exigent \u00abla lib\u00e9ration des \u00e9l\u00e8ves et enseignants arr\u00eat\u00e9s, l\u2019arr\u00eat de toutes les formes de restriction de libert\u00e9s et tentatives d\u2019intimidation, ainsi que les violations de l\u2019espace scolaire par les Forces de l\u2019ordre et l\u2019effectivit\u00e9 de la mise en \u0153uvre des accords\u00bb. Les secr\u00e9taires g\u00e9n\u00e9raux desdits syndicats, qui se sont r\u00e9unis samedi dernier, rappellent \u00e9galement \u00abque les syndicats de l\u2019enseignement resteront intransigeants et solidaires pour la d\u00e9fense des libert\u00e9s collectives et individuelles\u00bb. Dans la m\u00eame veine, les syndicalistes appellent \u00abl\u2019Etat du S\u00e9n\u00e9gal au respect strict des principes de l\u2019Etat de Droit pour l\u2019apaisement du climat social\u00bb.<\/p>\n\n\n\n<p>Par ailleurs, les organisations syndicales, qui disent avoir constat\u00e9 \u00abdes lenteurs dans la mise en \u0153uvre du protocole du 26 f\u00e9vrier 2022\u00bb, condamnent \u00abvigoureusement le dilatoire du gouvernement\u00bb et exigent \u00abla convocation d\u2019urgence du Comit\u00e9 de suivi pour une application diligente des accords\u00bb. Ceux-ci portent notamment sur \u00abla d\u00e9mat\u00e9rialisation des actes et proc\u00e9dures, la r\u00e9vision du statut des d\u00e9cisionnaires, le parach\u00e8vement de toutes les formations \u00e0 la Fastef : philosophie, Mps, charg\u00e9s de cours, Pc du recrutement sp\u00e9cial des 5000 enseignants et leur r\u00e9gularisation, le reversement des Meps dans le corps des Pcem en Eps, le paiement de l\u2019indemnit\u00e9 de classes sp\u00e9ciales, entre autres\u00bb. Il est \u00e9galement demand\u00e9 \u00abla r\u00e9sorption du passif des diff\u00e9rents protocoles d\u2019accords, le reversement des Metp de la formation professionnelle et technique dans le corps des Pcem\u00bb.<\/p>\n\n\n\n<p>Il faut noter aussi que les vacances de P\u00e2ques ont \u00e9t\u00e9 rapproch\u00e9es. Pr\u00e9vues \u00e0 partir du 31 mars, elles vont d\u00e9buter ce lundi jusqu\u2019au 12 avril. Sans doute pour prot\u00e9ger l\u2019\u00e9cole d\u2019\u00e9ventuels d\u00e9bordements, car le proc\u00e8s Mame Mbaye Niang-Ousmane Sonko est pr\u00e9vu le 30 mars.<br>dkane@lequotidien.sn<\/p>\n","protected":false},"excerpt":{"rendered":"<p>L\u2019\u00e9cole va renouer avec les gr\u00e8ves. Le G7, qui d\u00e9nonce les violations de l\u2019espace scolaire ainsi que les tentatives d\u2019intimidation<\/p>\n","protected":false},"author":1,"featured_media":9268,"comment_status":"open","ping_status":"open","sticky":false,"template":"","format":"standard","meta":{"footnotes":""},"categories":[21],"tags":[],"class_list":["post-9267","post","type-post","status-publish","format-standard","has-post-thumbnail","hentry","category-societe"],"_links":{"self":[{"href":"https:\/\/dekkbi.com\/index.php?rest_route=\/wp\/v2\/posts\/9267","targetHints":{"allow":["GET"]}}],"collection":[{"href":"https:\/\/dekkbi.com\/index.php?rest_route=\/wp\/v2\/posts"}],"about":[{"href":"https:\/\/dekkbi.com\/index.php?rest_route=\/wp\/v2\/types\/post"}],"author":[{"embeddable":true,"href":"https:\/\/dekkbi.com\/index.php?rest_route=\/wp\/v2\/users\/1"}],"replies":[{"embeddable":true,"href":"https:\/\/dekkbi.com\/index.php?rest_route=%2Fwp%2Fv2%2Fcomments&post=9267"}],"version-history":[{"count":1,"href":"https:\/\/dekkbi.com\/index.php?rest_route=\/wp\/v2\/posts\/9267\/revisions"}],"predecessor-version":[{"id":9269,"href":"https:\/\/dekkbi.com\/index.php?rest_route=\/wp\/v2\/posts\/9267\/revisions\/9269"}],"wp:featuredmedia":[{"embeddable":true,"href":"https:\/\/dekkbi.com\/index.php?rest_route=\/wp\/v2\/media\/9268"}],"wp:attachment":[{"href":"https:\/\/dekkbi.com\/index.php?rest_route=%2Fwp%2Fv2%2Fmedia&parent=9267"}],"wp:term":[{"taxonomy":"category","embeddable":true,"href":"https:\/\/dekkbi.com\/index.php?rest_route=%2Fwp%2Fv2%2Fcategories&post=9267"},{"taxonomy":"post_tag","embeddable":true,"href":"https:\/\/dekkbi.com\/index.php?rest_route=%2Fwp%2Fv2%2Ftags&post=9267"}],"curies":[{"name":"wp","href":"https:\/\/api.w.org\/{rel}","templated":true}]}}