{"id":9263,"date":"2023-03-27T11:19:06","date_gmt":"2023-03-27T11:19:06","guid":{"rendered":"https:\/\/dekkbi.com\/?p=9263"},"modified":"2023-03-27T11:19:08","modified_gmt":"2023-03-27T11:19:08","slug":"la-theorie-du-projet-chez-les-pastefiens-par-pape-sadio-thiam","status":"publish","type":"post","link":"https:\/\/dekkbi.com\/?p=9263","title":{"rendered":"La \u00abth\u00e9orie\u00bb du \u00abprojet\u00bb chez les Past\u00e9fiens -Par Pape Sadio Thiam"},"content":{"rendered":"\n<h3 class=\"wp-block-heading\">\u00ab D\u00e9fendre projet bi \u00bb, \u00abGueum projet bi\u00bb. Wade avait son \u00ab Sopi \u00bb, un mot devenu \u00e0 lui seul, une tradition politique. Ousmane Sonko, quant \u00e0 lui, a cr\u00e9\u00e9 une culture avec ce mot de \u00ab Projet \u00bb : il est \u00e9videmment plus facile de retenir un mot et de le proposer comme r\u00e9ponse \u00e0 toutes interpellations. C\u2019est une strat\u00e9gie simple, mais avec plus de r\u00e9sultats que toutes les th\u00e9ories d\u00e9velopp\u00e9es dans les instituts de communication par les communicants professionnels, qui passent tr\u00e8s souvent \u00e0 c\u00f4t\u00e9 de l\u2019essentiel.<\/h3>\n\n\n\n<p>Car l\u2019essentiel dans la communication politique, n\u2019est pas le sens intrins\u00e8que du message, c\u2019est plut\u00f4t ce qu\u2019il suscite comme pathos et comme ethos. Il est donc imp\u00e9ratif, pour plus d\u2019intelligibilit\u00e9 de la dynamique de Pastef, de s\u2019interroger que les leviers communicationnels qui ont permis \u00e0 cette formation politique, en un temps record, d\u2019amener pratiquement toutes les couches de la soci\u00e9t\u00e9 \u00e0 s\u2019approprier aussi largement ce projet.<\/p>\n\n\n\n<figure class=\"wp-block-image is-resized\"><a href=\"javascript:void(0)\"><img loading=\"lazy\" decoding=\"async\" src=\"https:\/\/www.leral.net\/photo\/art\/default\/71723324-49956645.jpg?v=1679909362\" alt=\"La \u00ab th\u00e9orie \u00bb du \u00ab projet \u00bb chez les Past\u00e9fiens -Par Pape Sadio Thiam\" width=\"548\" height=\"477\" title=\"La \u00ab th\u00e9orie \u00bb du \u00ab projet \u00bb chez les Past\u00e9fiens -Par Pape Sadio Thiam\"\/><\/a><\/figure>\n\n\n\n<p><\/p>\n\n\n\n<p><\/p>\n\n\n\n<p>Le mat\u00e9rialisme dialectique nous a suffisamment fourni d\u2019arguments probants l\u00e0-dessus : tout changement qualitatif a pour point de d\u00e9part objectif, une transmutation quantitative de la r\u00e9alit\u00e9 dont il est par ailleurs le r\u00e9sultat. Plus un fait, un objet ou un mot est usit\u00e9 par le plus grand nombre, davantage les individus isol\u00e9s ont confiance en sa v\u00e9racit\u00e9 en sa l\u00e9gitimit\u00e9 et en sa pertinence. Le Projet est un mot magique en ce qu\u2019il exempte de la n\u00e9cessit\u00e9 et de sacrifier \u00e0 l\u2019exigence de r\u00e9fl\u00e9chir et d\u2019argumenter face aux intellectuels de vocation, dont la pugnacit\u00e9 est un v\u00e9ritable plomb dans les ailes de l\u2019homme politique en g\u00e9n\u00e9ral.<\/p>\n\n\n\n<p>L\u2019on se rappellera l\u2019effet fureur qu\u2019a \u00e9t\u00e9 cette vid\u00e9o de ce charretier qui circule sur le net et o\u00f9 le cocher y va avec sa th\u00e9orie d\u2019autant plus efficace qu\u2019elle est simple et affil\u00e9e : \u00ab&nbsp;<em>projet bi gnete beugou gnouko : nitt kou dioubadi, sathi bi nek ci ngour gi beug rawale xaalissam ak ku beugoul reew\u2019am&nbsp;<\/em>\u00bb. Cette vid\u00e9o est r\u00e9v\u00e9latrice de l\u2019appropriation du projet de Pastef par les populations, toutes couches confondues.<\/p>\n\n\n\n<p>Quand, le 18 octobre 1806, le jour o\u00f9 L\u00e9na fut occup\u00e9 par les Fran\u00e7ais, Hegel vit Napol\u00e9on sortir de la ville pour aller inspecter ses troupes victorieuses, il pondit sa c\u00e9l\u00e8bre et \u00e9nigmatique formule : \u00ab<em>&nbsp;J\u2019ai vu l\u2019Empereur, cette \u00e2me du monde-sortir de la ville pour aller en reconnaissance; c\u2019est effectivement une sensation merveilleuse de voir un pareil individu qui, concentr\u00e9 ici sur un point, assis sur un cheval, s\u2019\u00e9tend sur le monde et le domine\u2026 tous ces progr\u00e8s n\u2019ont \u00e9t\u00e9 possibles que gr\u00e2ce \u00e0 cet homme extraordinaire, qu\u2019il est impossible de ne pas admirer<\/em>\u00bb.<\/p>\n\n\n\n<p>On pourrait aujourd\u2019hui le parodier, en affirmant sans risque de se tromper que l\u2019\u00e2me du champ politique s\u00e9n\u00e9galais aujourd\u2019hui, est assur\u00e9ment le projet incarn\u00e9 par Ousmane Sonko. On peut ne pas partager les id\u00e9es expos\u00e9es dans ce fameux projet, on peut m\u00eame penser qu\u2019elles n\u2019ont ni originalit\u00e9 ni pertinence au regard des d\u00e9fis qui nous interpellent, mais personne ne peut douter de la f\u00e9condit\u00e9 du projet lui-m\u00eame. C\u2019est tellement vrai qu\u2019on pourrait ici \u00e9voquer l\u2019all\u00e9gorie du contenant et du contenu : un groupe d\u2019hommes qui meurent de soif et qui aper\u00e7oivent \u00e0 quelques m\u00e8tres d\u2019eux, un bocal en or, se pr\u00e9cipiteraient \u00e0 le ramasser non pour \u00e9tancher leur soif, mais pour la valeur marchande du r\u00e9cipient.<\/p>\n\n\n\n<p>Le contenu est certes plus vital que le contenant, mais celui-ci est plus important au regard de ce qu\u2019il peut g\u00e9n\u00e9rer en termes de revenus, qui pourraient racheter ind\u00e9finiment le contenu. Ceux qui continuent \u00e0 exiger des membres du Pastef qu\u2019ils \u00e9claircissent le concept de Projet, ne se rendent pas finalement compte de la vanit\u00e9 de leur demande, mais de son effet contre-productif pour eux : ils deviennent par leur demande, la caisse de r\u00e9sonnance ou l\u2019amplificateur sono de l\u2019effet \u00ab Projet \u00bb.<br><\/p>\n\n\n\n<p>SOURCE LERAL<\/p>\n","protected":false},"excerpt":{"rendered":"<p>\u00ab D\u00e9fendre projet bi \u00bb, \u00abGueum projet bi\u00bb. Wade avait son \u00ab Sopi \u00bb, un mot devenu \u00e0 lui seul,<\/p>\n","protected":false},"author":1,"featured_media":9264,"comment_status":"open","ping_status":"open","sticky":false,"template":"","format":"standard","meta":{"footnotes":""},"categories":[6],"tags":[],"class_list":["post-9263","post","type-post","status-publish","format-standard","has-post-thumbnail","hentry","category-politics"],"_links":{"self":[{"href":"https:\/\/dekkbi.com\/index.php?rest_route=\/wp\/v2\/posts\/9263","targetHints":{"allow":["GET"]}}],"collection":[{"href":"https:\/\/dekkbi.com\/index.php?rest_route=\/wp\/v2\/posts"}],"about":[{"href":"https:\/\/dekkbi.com\/index.php?rest_route=\/wp\/v2\/types\/post"}],"author":[{"embeddable":true,"href":"https:\/\/dekkbi.com\/index.php?rest_route=\/wp\/v2\/users\/1"}],"replies":[{"embeddable":true,"href":"https:\/\/dekkbi.com\/index.php?rest_route=%2Fwp%2Fv2%2Fcomments&post=9263"}],"version-history":[{"count":1,"href":"https:\/\/dekkbi.com\/index.php?rest_route=\/wp\/v2\/posts\/9263\/revisions"}],"predecessor-version":[{"id":9265,"href":"https:\/\/dekkbi.com\/index.php?rest_route=\/wp\/v2\/posts\/9263\/revisions\/9265"}],"wp:featuredmedia":[{"embeddable":true,"href":"https:\/\/dekkbi.com\/index.php?rest_route=\/wp\/v2\/media\/9264"}],"wp:attachment":[{"href":"https:\/\/dekkbi.com\/index.php?rest_route=%2Fwp%2Fv2%2Fmedia&parent=9263"}],"wp:term":[{"taxonomy":"category","embeddable":true,"href":"https:\/\/dekkbi.com\/index.php?rest_route=%2Fwp%2Fv2%2Fcategories&post=9263"},{"taxonomy":"post_tag","embeddable":true,"href":"https:\/\/dekkbi.com\/index.php?rest_route=%2Fwp%2Fv2%2Ftags&post=9263"}],"curies":[{"name":"wp","href":"https:\/\/api.w.org\/{rel}","templated":true}]}}