{"id":9188,"date":"2023-03-24T13:16:35","date_gmt":"2023-03-24T13:16:35","guid":{"rendered":"https:\/\/dekkbi.com\/?p=9188"},"modified":"2023-03-24T13:16:36","modified_gmt":"2023-03-24T13:16:36","slug":"senegal-mozambique-aliou-cisse-contraint-de-bricoler-en-defense","status":"publish","type":"post","link":"https:\/\/dekkbi.com\/?p=9188","title":{"rendered":"S\u00e9n\u00e9gal-Mozambique : Aliou Ciss\u00e9 contraint de bricoler en d\u00e9fense"},"content":{"rendered":"\n<p>iGFM (Dakar) Diminu\u00e9e derri\u00e8re, l&rsquo;\u00e9quipe du S\u00e9n\u00e9gal va devoir aligner une d\u00e9fense in\u00e9dite, ce vendredi, contre le Mozambique, \u00e0 l&rsquo;occasion de la 3e journ\u00e9e des qualifications \u00e0 la Coupe d&rsquo;Afrique des Nations \u00ab\u00a0C\u00f4te d&rsquo;Ivoire 2023\u00a0\u00bb.<\/p>\n\n\n\n<p>Il y a trois mois au Qatar \u00e0 l&rsquo;occasion de la Coupe du monde, Aliou Ciss\u00e9 avait align\u00e9 une d\u00e9fense compos\u00e9e de Sabaly, Abdou Diallo, Koulibaly et Jakobs. Pr\u00e8s de quatre mois apr\u00e8s, le s\u00e9lectionneur national devra faire sans deux de ses d\u00e9fenseurs cl\u00e9s. Il s&rsquo;agit de Jakobs et Abdou Diallo bless\u00e9s.<br><br><strong>Koulibaly avec Niakhat\u00e9 ou Seck<br><br><\/strong>M\u00eame s&rsquo;il ne l&rsquo;a confim\u00e9 en conf\u00e9rence de presse, Aliou Ciss\u00e9 devra aligner soit Moussa Niakhat\u00e9 soit Abdoulaye Seck en d\u00e9fense aux c\u00f4t\u00e9s de Kalidou Koulibaly. Un bricologe qui s&rsquo;impose forc\u00e9ment. \u00ab\u00a0C&rsquo;est vrai que nous n&rsquo;avons pas 50 % de notre d\u00e9fense. On y ajoute le gardien de but Edouard Mendy. Sur les cinq, trois ne sont pas l\u00e0. Mais il y a Sabaly qui est exp\u00e9riment\u00e9 hormis Koulibaly.&nbsp;Mais il faut donner la possibilit\u00e9 aux autres pour savoir de quoi ils sont capables d&rsquo;apporter\u00a0\u00bb, a d\u00e9clar\u00e9 l&rsquo;entra\u00eeneur en conf\u00e9rence de presse, indiquant qu&rsquo;il est important de faire confiance aux autres qui sont l\u00e0. Parmi eux, on peut \u00e9galement citer Abdallah Ndour qui devrait d\u00e9buter sur le c\u00f4t\u00e9 gauche de la d\u00e9fense apr\u00e8s le forfait de Jakobs.<\/p>\n","protected":false},"excerpt":{"rendered":"<p>iGFM (Dakar) Diminu\u00e9e derri\u00e8re, l&rsquo;\u00e9quipe du S\u00e9n\u00e9gal va devoir aligner une d\u00e9fense in\u00e9dite, ce vendredi, contre le Mozambique, \u00e0 l&rsquo;occasion<\/p>\n","protected":false},"author":1,"featured_media":2347,"comment_status":"open","ping_status":"open","sticky":false,"template":"","format":"standard","meta":{"footnotes":""},"categories":[9],"tags":[],"class_list":["post-9188","post","type-post","status-publish","format-standard","has-post-thumbnail","hentry","category-sports"],"_links":{"self":[{"href":"https:\/\/dekkbi.com\/index.php?rest_route=\/wp\/v2\/posts\/9188","targetHints":{"allow":["GET"]}}],"collection":[{"href":"https:\/\/dekkbi.com\/index.php?rest_route=\/wp\/v2\/posts"}],"about":[{"href":"https:\/\/dekkbi.com\/index.php?rest_route=\/wp\/v2\/types\/post"}],"author":[{"embeddable":true,"href":"https:\/\/dekkbi.com\/index.php?rest_route=\/wp\/v2\/users\/1"}],"replies":[{"embeddable":true,"href":"https:\/\/dekkbi.com\/index.php?rest_route=%2Fwp%2Fv2%2Fcomments&post=9188"}],"version-history":[{"count":1,"href":"https:\/\/dekkbi.com\/index.php?rest_route=\/wp\/v2\/posts\/9188\/revisions"}],"predecessor-version":[{"id":9189,"href":"https:\/\/dekkbi.com\/index.php?rest_route=\/wp\/v2\/posts\/9188\/revisions\/9189"}],"wp:featuredmedia":[{"embeddable":true,"href":"https:\/\/dekkbi.com\/index.php?rest_route=\/wp\/v2\/media\/2347"}],"wp:attachment":[{"href":"https:\/\/dekkbi.com\/index.php?rest_route=%2Fwp%2Fv2%2Fmedia&parent=9188"}],"wp:term":[{"taxonomy":"category","embeddable":true,"href":"https:\/\/dekkbi.com\/index.php?rest_route=%2Fwp%2Fv2%2Fcategories&post=9188"},{"taxonomy":"post_tag","embeddable":true,"href":"https:\/\/dekkbi.com\/index.php?rest_route=%2Fwp%2Fv2%2Ftags&post=9188"}],"curies":[{"name":"wp","href":"https:\/\/api.w.org\/{rel}","templated":true}]}}