{"id":9186,"date":"2023-03-24T13:10:57","date_gmt":"2023-03-24T13:10:57","guid":{"rendered":"https:\/\/dekkbi.com\/?p=9186"},"modified":"2023-03-24T13:10:59","modified_gmt":"2023-03-24T13:10:59","slug":"cooperation-la-france-met-1000-milliards-entre-2019-et-2023","status":"publish","type":"post","link":"https:\/\/dekkbi.com\/?p=9186","title":{"rendered":"Coop\u00e9ration : La France met 1000 milliards entre 2019 et 2023"},"content":{"rendered":"\n<p><strong>Sur la p\u00e9riode 2019-2023, la contribution globale de la France \u00e0 l\u2019\u00e9conomie s\u00e9n\u00e9galaise est estim\u00e9e \u00e0 1, 5 milliard d\u2019euros, soit environ 982, 5 milliards de francs Cfa.<\/strong><\/p>\n\n\n\n<p><strong>Par Dialigu\u00e9 FAYE \u2013&nbsp;<\/strong>Avec une contribution globale d\u20191, 5 milliard d\u2019euros, soit environ 982,5 milliards de francs Cfa, sur la p\u00e9riode 2019-2023, la France se positionne comme le premier bailleur bilat\u00e9ral du S\u00e9n\u00e9gal, selon la directrice de Cabinet de la ministre de l\u2019Economie, du plan et de la coop\u00e9ration, qui pr\u00e9sidait hier l\u2019ouverture de la revue conjointe du cadre de partenariat entre l\u2019Etat du S\u00e9n\u00e9gal et l\u2019Agence fran\u00e7aise de d\u00e9veloppement (Afd). Mme Khardiata Ndiaye d\u2019expliquer que la coop\u00e9ration bilat\u00e9rale entre la France et le S\u00e9n\u00e9gal concerne \u00abtous les domaines n\u00e9cessaires \u00e0 la croissance \u00e9conomique significative, \u00e0 savoir la sant\u00e9, l\u2019\u00e9ducation, la formation professionnelle, les infrastructures de base, l\u2019eau, l\u2019\u00e9lectricit\u00e9, l\u2019acc\u00e8s au num\u00e9rique\u2026\u00bb. A titre illustratif, elle rappelle quelques projets et programmes en cours de r\u00e9alisation, gr\u00e2ce au soutien financier de la France, via l\u2019Afd, notamment \u00able Programme d\u2019appui et de valorisation des initiatives entrepreneuriales des femmes et des jeunes (Pavie) mis en \u0153uvre par la Der\/fj, pour un montant de 20 millions d\u2019euros, soit environ 13 milliards de francs Cfa, le projet Madiba (Manufacturing in Africa for disease immunization and building autonomy) pour un montant de 25 millions d\u2019euros, soit environ 16, 5 milliards de francs Cfa. Il s\u2019agit d\u2019un financement d\u2019envergure en faveur de la nouvelle usine de fabrication de vaccins de l\u2019Institut Pasteur de Dakar, pionnier dans ce domaine en Afrique\u00bb. A ces r\u00e9alisations, Mme Ndiaye ajoute \u00able Projet de r\u00e9habilitation d\u2019infrastructures sportives en perspective des Jeux Olym\u00adpiques de la Jeunesse (Joj) de Dakar 2026 pour un montant de 45 millions d\u2019euros, soit environ 29,7 milliards de francs Cfa,&nbsp;et la signature d\u2019une d\u00e9claration de contrat de financement pour la restructuration du r\u00e9seau de bus de la ville de Dakar pour un montant de 100 millions d\u2019euros, soit environ 65 milliards de francs Cfa, le 27 f\u00e9vrier dernier au Luxembourg\u00bb.<br>Ces nouveaux financements de l\u2019Afd, d\u2019apr\u00e8s Blazy Florian, ministre conseiller \u00e0 l\u2019ambassade de France au S\u00e9n\u00e9gal, \u00abpermettront de soutenir, avec l\u2019appui de l\u2019Union europ\u00e9enne, le d\u00e9veloppement de la fili\u00e8re audiovisuelle, \u00e0 travers certains centres de formation professionnelle, d\u00e9j\u00e0 reconnus internationalement, comme Kour\u00adtrajm\u00e9, S\u00e9n\u00e9gal Talent Campus ou le Centre Yen\u00adnenga\u00bb.<br>Pour les ann\u00e9es \u00e0 venir, le gouvernement s\u00e9n\u00e9galais souhaite poursuivre son partenariat avec l\u2019Afd en priorisant le financement de la r\u00e9ponse aux principaux d\u00e9fis sociaux, alimentaires, sanitaires, \u00e9nerg\u00e9tiques et climatiques, et ce en veillant \u00e0 favoriser un d\u00e9veloppement \u00e9quilibr\u00e9 des territoires.<br>Mais il va falloir que la partie s\u00e9n\u00e9galaise fasse encore des efforts pour lever un certain nombre de contraintes r\u00e9currentes, notamment le retard dans le d\u00e9marrage des projets ainsi que la mobilisation des fonds de contrepartie qui sont d\u00e9cri\u00e9s \u00e0 chaque revue de portefeuille des projets et programmes.<br>A cause du retard not\u00e9 dans leur d\u00e9marrage, beaucoup de projets font souvent l\u2019objet de prorogation.<br><strong>dialigue@lequotidien.sn<\/strong><\/p>\n","protected":false},"excerpt":{"rendered":"<p>Sur la p\u00e9riode 2019-2023, la contribution globale de la France \u00e0 l\u2019\u00e9conomie s\u00e9n\u00e9galaise est estim\u00e9e \u00e0 1, 5 milliard d\u2019euros,<\/p>\n","protected":false},"author":1,"featured_media":8401,"comment_status":"open","ping_status":"open","sticky":false,"template":"","format":"standard","meta":{"footnotes":""},"categories":[3],"tags":[],"class_list":["post-9186","post","type-post","status-publish","format-standard","has-post-thumbnail","hentry","category-event-more-news"],"_links":{"self":[{"href":"https:\/\/dekkbi.com\/index.php?rest_route=\/wp\/v2\/posts\/9186","targetHints":{"allow":["GET"]}}],"collection":[{"href":"https:\/\/dekkbi.com\/index.php?rest_route=\/wp\/v2\/posts"}],"about":[{"href":"https:\/\/dekkbi.com\/index.php?rest_route=\/wp\/v2\/types\/post"}],"author":[{"embeddable":true,"href":"https:\/\/dekkbi.com\/index.php?rest_route=\/wp\/v2\/users\/1"}],"replies":[{"embeddable":true,"href":"https:\/\/dekkbi.com\/index.php?rest_route=%2Fwp%2Fv2%2Fcomments&post=9186"}],"version-history":[{"count":1,"href":"https:\/\/dekkbi.com\/index.php?rest_route=\/wp\/v2\/posts\/9186\/revisions"}],"predecessor-version":[{"id":9187,"href":"https:\/\/dekkbi.com\/index.php?rest_route=\/wp\/v2\/posts\/9186\/revisions\/9187"}],"wp:featuredmedia":[{"embeddable":true,"href":"https:\/\/dekkbi.com\/index.php?rest_route=\/wp\/v2\/media\/8401"}],"wp:attachment":[{"href":"https:\/\/dekkbi.com\/index.php?rest_route=%2Fwp%2Fv2%2Fmedia&parent=9186"}],"wp:term":[{"taxonomy":"category","embeddable":true,"href":"https:\/\/dekkbi.com\/index.php?rest_route=%2Fwp%2Fv2%2Fcategories&post=9186"},{"taxonomy":"post_tag","embeddable":true,"href":"https:\/\/dekkbi.com\/index.php?rest_route=%2Fwp%2Fv2%2Ftags&post=9186"}],"curies":[{"name":"wp","href":"https:\/\/api.w.org\/{rel}","templated":true}]}}