{"id":9184,"date":"2023-03-24T13:09:32","date_gmt":"2023-03-24T13:09:32","guid":{"rendered":"https:\/\/dekkbi.com\/?p=9184"},"modified":"2023-03-24T15:10:43","modified_gmt":"2023-03-24T15:10:43","slug":"risques-de-paralysie-du-transport-urbain-des-travailleurs-de-laftu-deposent-un-preavis-de-greve","status":"publish","type":"post","link":"https:\/\/dekkbi.com\/?p=9184","title":{"rendered":"Des travailleurs de l\u2019Aftu d\u00e9posent un pr\u00e9avis de gr\u00e8ve"},"content":{"rendered":"\n<p>Une paralysie plane sur le secteur du transport urbain. Et ce sont les travailleurs de l\u2019Association de financement des transports urbains (Aftu) commun\u00e9ment appel\u00e9s \u00ab cars Tata \u00bb, qui annoncent une gr\u00e8ve d\u2019ici le 14 avril. Ils ont d\u00e9pos\u00e9 un pr\u00e9avis de gr\u00e8ve sur la table de leurs employeurs, avec ampliation au Conseil ex\u00e9cutif des transports urbains de Dakar (Cetud) et au minist\u00e8re des Transports, au minist\u00e8re du Travail, par le biais du Syndicat des professionnels des transports (Spt), lit-on dans \u00ab\u00a0L&rsquo;As\u00a0\u00bb.<\/p>\n\n\n\n<p>Une information confirm\u00e9e par le secr\u00e9taire g\u00e9n\u00e9ral du Spt, Adama Ngom. Ce dernier, dans un communiqu\u00e9 parvenu \u00e0 notre r\u00e9daction, soutient : \u00ab<em>Constatant les nombreuses difficult\u00e9s r\u00e9currentes que traversent les employ\u00e9s de l\u2019Aftu et l\u2019absence de dialogue et de n\u00e9gociations inclusifs, nous travailleurs membres et sympathisants du Syndicat professionnel des transports, avons d\u00e9cid\u00e9 de d\u00e9poser ce pr\u00e9sent pr\u00e9avis de gr\u00e8ve pour exiger la satisfaction de nos revendications. Pass\u00e9 le d\u00e9lai d\u2019un mois, les sympathisants et travailleurs affili\u00e9s au Syndicat des professionnels des transports (Spt) se r\u00e9servent de recourir \u00e0 toutes les formes de luttes l\u00e9gales, conform\u00e9ment \u00e0 la Constitution et aux conventions C87 et C98 de l\u2019Oit<\/em>&nbsp;\u00bb.<\/p>\n\n\n\n<p>Pour ce qui est de leurs dol\u00e9ances, Adama Ngom indique : \u00ab<em>Nous demandons le respect des accords entre l\u2019\u00c9tat du S\u00e9n\u00e9gal, les employeurs et les travailleurs sur la contractualisation et le paiement des salaires par bulletins entam\u00e9s sous la supervision du Cetud, le respect d\u2019exercice des libert\u00e9s syndicales par l\u2019organisation des \u00e9lections de d\u00e9l\u00e9gu\u00e9s du personnel conform\u00e9ment au d\u00e9cret 67-130, la revalorisation substantielle des salaires des travailleurs, la s\u00e9curisation des emplois et l\u2019arr\u00eat de la pr\u00e9carisation par la fin des licenciements abusifs, l\u2019am\u00e9lioration des conditions de travail et d\u2019existence par l\u2019arr\u00eat de la surcharge des horaires, avec 12 heures au lieu de 8 heures de temps comme pr\u00e9vu par la loi, l\u2019affiliation des travailleurs aux institutions de protection sociale dont l&rsquo;Ipres et la Caisse de s\u00e9curit\u00e9 sociale, mais aussi aux Ipm, l\u2019assurance de la retraite d\u00e9cente arrim\u00e9e \u00e0 la l\u00e9gislation du travail en cours et aux conventions internationales, l\u2019am\u00e9nagement d\u2019a\u00e9rogares avec toutes commodit\u00e9s, dont des toilettes puis des salles de r\u00e9union pour d\u00e9l\u00e9gu\u00e9s et un espace pour les employ\u00e9s qui assurent la rel\u00e8ve<\/em>\u00bb.<\/p>\n\n\n\n<p>Ces employ\u00e9s de l\u2019Aftu, tr\u00e8s remont\u00e9s contre leurs employeurs, demandent aux autorit\u00e9s \u00e9tatiques de prendre leurs responsabilit\u00e9s avant qu\u2019il ne soit trop tard, en vue d\u2019\u00e9viter un pr\u00e9judice aux usagers.<\/p>\n\n\n\n<p>Nd\u00e8ye Fatou K\u00e9b\u00e9<\/p>\n\n\n\n<p>LERAL<\/p>\n","protected":false},"excerpt":{"rendered":"<p>Une paralysie plane sur le secteur du transport urbain. Et ce sont les travailleurs de l\u2019Association de financement des transports<\/p>\n","protected":false},"author":1,"featured_media":6440,"comment_status":"open","ping_status":"open","sticky":false,"template":"","format":"standard","meta":{"footnotes":""},"categories":[26],"tags":[],"class_list":["post-9184","post","type-post","status-publish","format-standard","has-post-thumbnail","hentry","category-fait-divers"],"_links":{"self":[{"href":"https:\/\/dekkbi.com\/index.php?rest_route=\/wp\/v2\/posts\/9184","targetHints":{"allow":["GET"]}}],"collection":[{"href":"https:\/\/dekkbi.com\/index.php?rest_route=\/wp\/v2\/posts"}],"about":[{"href":"https:\/\/dekkbi.com\/index.php?rest_route=\/wp\/v2\/types\/post"}],"author":[{"embeddable":true,"href":"https:\/\/dekkbi.com\/index.php?rest_route=\/wp\/v2\/users\/1"}],"replies":[{"embeddable":true,"href":"https:\/\/dekkbi.com\/index.php?rest_route=%2Fwp%2Fv2%2Fcomments&post=9184"}],"version-history":[{"count":3,"href":"https:\/\/dekkbi.com\/index.php?rest_route=\/wp\/v2\/posts\/9184\/revisions"}],"predecessor-version":[{"id":9229,"href":"https:\/\/dekkbi.com\/index.php?rest_route=\/wp\/v2\/posts\/9184\/revisions\/9229"}],"wp:featuredmedia":[{"embeddable":true,"href":"https:\/\/dekkbi.com\/index.php?rest_route=\/wp\/v2\/media\/6440"}],"wp:attachment":[{"href":"https:\/\/dekkbi.com\/index.php?rest_route=%2Fwp%2Fv2%2Fmedia&parent=9184"}],"wp:term":[{"taxonomy":"category","embeddable":true,"href":"https:\/\/dekkbi.com\/index.php?rest_route=%2Fwp%2Fv2%2Fcategories&post=9184"},{"taxonomy":"post_tag","embeddable":true,"href":"https:\/\/dekkbi.com\/index.php?rest_route=%2Fwp%2Fv2%2Ftags&post=9184"}],"curies":[{"name":"wp","href":"https:\/\/api.w.org\/{rel}","templated":true}]}}