{"id":9170,"date":"2023-03-23T16:11:55","date_gmt":"2023-03-23T16:11:55","guid":{"rendered":"https:\/\/dekkbi.com\/?p=9170"},"modified":"2023-03-23T16:11:57","modified_gmt":"2023-03-23T16:11:57","slug":"senegal-macky-sall-rappelle-limperatif-de-preserver-les-acquis-democratiques-et-lordre-public","status":"publish","type":"post","link":"https:\/\/dekkbi.com\/?p=9170","title":{"rendered":"S\u00e9n\u00e9gal: Macky Sall rappelle l\u2019imp\u00e9ratif de \u00ab\u00a0pr\u00e9server les acquis d\u00e9mocratiques et l\u2019ordre public\u00a0\u00bb"},"content":{"rendered":"\n<p>S\u2019agissant du climat social, de la gestion et du suivi des affaires int\u00e9rieures, le Chef de l\u2019Etat est revenu en Conseil des ministres mercredi sur les sujets suivants :<\/p>\n\n\n\n<p>\u2022 l\u2019imp\u00e9ratif de pr\u00e9server les acquis d\u00e9mocratiques et l\u2019ordre public : en rappelant que le S\u00e9n\u00e9gal demeure un Etat de droit de r\u00e9f\u00e9rence et une d\u00e9mocratie exemplaire. Le Pr\u00e9sident de la R\u00e9publique a demand\u00e9 au Gouvernement de prendre toutes les mesures idoines pour assurer sur l\u2019\u00e9tendue du territoire national, la s\u00e9curisation absolue des personnes et des biens, au regard de certains troubles \u00e0 l\u2019ordre public observ\u00e9s ces derniers jours dans des localit\u00e9s du pays.<\/p>\n\n\n\n<p>\u2022 la redynamisation des chambres des m\u00e9tiers du S\u00e9n\u00e9gal : en demandant au Ministre de l\u2019Artisanat et de la Transformation du Secteur informel de pr\u00e9parer un programme sp\u00e9cial de modernisation des chambres des m\u00e9tiers du S\u00e9n\u00e9gal sur la p\u00e9riode 2023-2025. Le Pr\u00e9sident de la R\u00e9publique a inform\u00e9 le Conseil de l\u2019audience prochaine qu\u2019il accordera courant avril 2023, au bureau de l\u2019Union nationale des Chambres des m\u00e9tiers du S\u00e9n\u00e9gal pour manifester davantage son engagement \u00e0 faire de l\u2019Artisanat un des moteurs de la croissance \u00e9conomique et de l\u2019\u00e9mergence de nos territoires.<\/p>\n\n\n\n<p><\/p>\n\n\n\n<p>SOURCE LESOLEIL<\/p>\n","protected":false},"excerpt":{"rendered":"<p>S\u2019agissant du climat social, de la gestion et du suivi des affaires int\u00e9rieures, le Chef de l\u2019Etat est revenu en<\/p>\n","protected":false},"author":1,"featured_media":9171,"comment_status":"open","ping_status":"open","sticky":false,"template":"","format":"standard","meta":{"footnotes":""},"categories":[6],"tags":[],"class_list":["post-9170","post","type-post","status-publish","format-standard","has-post-thumbnail","hentry","category-politics"],"_links":{"self":[{"href":"https:\/\/dekkbi.com\/index.php?rest_route=\/wp\/v2\/posts\/9170","targetHints":{"allow":["GET"]}}],"collection":[{"href":"https:\/\/dekkbi.com\/index.php?rest_route=\/wp\/v2\/posts"}],"about":[{"href":"https:\/\/dekkbi.com\/index.php?rest_route=\/wp\/v2\/types\/post"}],"author":[{"embeddable":true,"href":"https:\/\/dekkbi.com\/index.php?rest_route=\/wp\/v2\/users\/1"}],"replies":[{"embeddable":true,"href":"https:\/\/dekkbi.com\/index.php?rest_route=%2Fwp%2Fv2%2Fcomments&post=9170"}],"version-history":[{"count":1,"href":"https:\/\/dekkbi.com\/index.php?rest_route=\/wp\/v2\/posts\/9170\/revisions"}],"predecessor-version":[{"id":9172,"href":"https:\/\/dekkbi.com\/index.php?rest_route=\/wp\/v2\/posts\/9170\/revisions\/9172"}],"wp:featuredmedia":[{"embeddable":true,"href":"https:\/\/dekkbi.com\/index.php?rest_route=\/wp\/v2\/media\/9171"}],"wp:attachment":[{"href":"https:\/\/dekkbi.com\/index.php?rest_route=%2Fwp%2Fv2%2Fmedia&parent=9170"}],"wp:term":[{"taxonomy":"category","embeddable":true,"href":"https:\/\/dekkbi.com\/index.php?rest_route=%2Fwp%2Fv2%2Fcategories&post=9170"},{"taxonomy":"post_tag","embeddable":true,"href":"https:\/\/dekkbi.com\/index.php?rest_route=%2Fwp%2Fv2%2Ftags&post=9170"}],"curies":[{"name":"wp","href":"https:\/\/api.w.org\/{rel}","templated":true}]}}