{"id":9168,"date":"2023-03-23T16:10:00","date_gmt":"2023-03-23T16:10:00","guid":{"rendered":"https:\/\/dekkbi.com\/?p=9168"},"modified":"2023-03-23T16:10:02","modified_gmt":"2023-03-23T16:10:02","slug":"twitter-definitivement-condamne-a-detailler-ses-moyens-de-lutte-contre-la-haine-en-ligne","status":"publish","type":"post","link":"https:\/\/dekkbi.com\/?p=9168","title":{"rendered":"Twitter d\u00e9finitivement condamn\u00e9 \u00e0 d\u00e9tailler ses moyens de lutte contre la haine en ligne"},"content":{"rendered":"\n<p><a href=\"https:\/\/www.addthis.com\/bookmark.php?v=300\"><\/a><a href=\"https:\/\/www.addthis.com\/bookmark.php?v=300\"><\/a><a rel=\"noreferrer noopener\" href=\"https:\/\/www.addthis.com\/bookmark.php?v=300\" target=\"_blank\"><\/a><a rel=\"noreferrer noopener\" href=\"https:\/\/www.addthis.com\/bookmark.php?v=300\" target=\"_blank\"><\/a>La Cour de cassation a rejet\u00e9 jeudi le pourvoi de Twitter contre une d\u00e9cision de la cour d&rsquo;appel de Paris lui imposant de d\u00e9tailler ses moyens de lutte contre la haine en ligne, rendant cette d\u00e9cision d\u00e9finitive.<\/p>\n\n\n\n<p>Dans son ordonnance consult\u00e9e par l&rsquo;AFP, la Cour constate \u00ab\u00a0l&rsquo;insuffisance des informations communiqu\u00e9es\u00a0\u00bb par la soci\u00e9t\u00e9 \u00ab\u00a0au regard des exigences\u00a0\u00bb de cette d\u00e9cision de justice.<\/p>\n\n\n\n<p>Le 20 janvier 2022, la cour d&rsquo;appel de Paris avait confirm\u00e9 une d\u00e9cision rendue en juillet 2021 par le tribunal judiciaire qui ordonnait au r\u00e9seau social de d\u00e9tailler ses m\u00e9canismes de mod\u00e9ration et de lutte contre les commentaires haineux et discriminatoires.<\/p>\n\n\n\n<p>A l&rsquo;origine de cette proc\u00e9dure, une assignation en mai 2020 de SOS Racisme, la Ligue internationale contre le racisme et l&rsquo;antis\u00e9mitisme (Licra) et SOS Homophobie, entre autres, qui estimaient que l&rsquo;entreprise manquait de fa\u00e7on \u00ab\u00a0ancienne et persistante\u00a0\u00bb \u00e0 ses obligations de mod\u00e9ration.<\/p>\n\n\n\n<p>La justice avait ordonn\u00e9 \u00e0 Twitter de communiquer \u00ab\u00a0tout document administratif, contractuel, technique ou commercial relatif aux moyens mat\u00e9riels et humains mis en \u0153uvre\u00a0\u00bb pour \u00ab\u00a0lutter contre la diffusion des infractions d&rsquo;apologie de crimes contre l&rsquo;humanit\u00e9, d&rsquo;incitation \u00e0 la haine raciale, \u00e0 la haine \u00e0 l&rsquo;\u00e9gard de personnes \u00e0 raison de leur sexe\u00a0\u00bb.<\/p>\n\n\n\n<p>Dans le d\u00e9tail, la soci\u00e9t\u00e9 de droit irlandais doit aussi d\u00e9tailler \u00ab\u00a0le nombre, la localisation, la nationalit\u00e9, la langue des personnes affect\u00e9es au traitement des signalements provenant des utilisateurs de la plateforme fran\u00e7aise\u00a0\u00bb, \u00ab\u00a0le nombre de signalements\u00a0\u00bb, \u00ab\u00a0les crit\u00e8res et le nombre des retraits subs\u00e9quents\u00a0\u00bb ainsi que \u00ab\u00a0le nombre d&rsquo;informations transmises aux autorit\u00e9s publiques comp\u00e9tentes, en particulier au parquet\u00a0\u00bb.<\/p>\n\n\n\n<p>Les associations appuyaient leur demande sur la loi pour la confiance dans l&rsquo;\u00e9conomie num\u00e9rique (LCEN) de 2004, qui impose aux plateformes de \u00ab\u00a0concourir \u00e0 la lutte\u00a0\u00bb contre la haine en ligne et notamment de \u00ab\u00a0rendre publics les moyens qu&rsquo;elles consacrent \u00e0 la lutte contre ces activit\u00e9s illicites\u00a0\u00bb.<\/p>\n\n\n\n<p>Lors de la d\u00e9cision de la cour d&rsquo;appel, les associations s&rsquo;\u00e9taient f\u00e9licit\u00e9es que \u00ab\u00a0la justice fran\u00e7aise d\u00e9montre que les GAFA ne peuvent imposer leur propre loi\u00a0\u00bb.<\/p>\n\n\n\n<p>\u00ab\u00a0Twitter va devoir enfin se responsabiliser, arr\u00eater de louvoyer et penser \u00e9thique plut\u00f4t que profit et expansion internationale\u00a0\u00bb, avaient-elles ajout\u00e9.<\/p>\n\n\n\n<p>\u00ab\u00a0Notre priorit\u00e9 absolue est d&rsquo;assurer la s\u00e9curit\u00e9 des personnes utilisant notre plateforme\u00a0\u00bb, avait alors r\u00e9agi l&rsquo;entreprise. \u00ab\u00a0Nous nous engageons \u00e0 construire un Internet plus s\u00fbr, \u00e0 lutter contre la haine en ligne et \u00e0 am\u00e9liorer la s\u00e9r\u00e9nit\u00e9 de la conversation publique.\u00a0\u00bb<\/p>\n\n\n\n<p><a href=\"https:\/\/information.tv5monde.com\/auteur\/afp\">AFP<\/a><\/p>\n\n\n\n<p>\u00a9 2023 AFP<\/p>\n","protected":false},"excerpt":{"rendered":"<p>La Cour de cassation a rejet\u00e9 jeudi le pourvoi de Twitter contre une d\u00e9cision de la cour d&rsquo;appel de Paris<\/p>\n","protected":false},"author":1,"featured_media":3041,"comment_status":"open","ping_status":"open","sticky":false,"template":"","format":"standard","meta":{"footnotes":""},"categories":[46],"tags":[],"class_list":["post-9168","post","type-post","status-publish","format-standard","has-post-thumbnail","hentry","category-technology"],"_links":{"self":[{"href":"https:\/\/dekkbi.com\/index.php?rest_route=\/wp\/v2\/posts\/9168","targetHints":{"allow":["GET"]}}],"collection":[{"href":"https:\/\/dekkbi.com\/index.php?rest_route=\/wp\/v2\/posts"}],"about":[{"href":"https:\/\/dekkbi.com\/index.php?rest_route=\/wp\/v2\/types\/post"}],"author":[{"embeddable":true,"href":"https:\/\/dekkbi.com\/index.php?rest_route=\/wp\/v2\/users\/1"}],"replies":[{"embeddable":true,"href":"https:\/\/dekkbi.com\/index.php?rest_route=%2Fwp%2Fv2%2Fcomments&post=9168"}],"version-history":[{"count":1,"href":"https:\/\/dekkbi.com\/index.php?rest_route=\/wp\/v2\/posts\/9168\/revisions"}],"predecessor-version":[{"id":9169,"href":"https:\/\/dekkbi.com\/index.php?rest_route=\/wp\/v2\/posts\/9168\/revisions\/9169"}],"wp:featuredmedia":[{"embeddable":true,"href":"https:\/\/dekkbi.com\/index.php?rest_route=\/wp\/v2\/media\/3041"}],"wp:attachment":[{"href":"https:\/\/dekkbi.com\/index.php?rest_route=%2Fwp%2Fv2%2Fmedia&parent=9168"}],"wp:term":[{"taxonomy":"category","embeddable":true,"href":"https:\/\/dekkbi.com\/index.php?rest_route=%2Fwp%2Fv2%2Fcategories&post=9168"},{"taxonomy":"post_tag","embeddable":true,"href":"https:\/\/dekkbi.com\/index.php?rest_route=%2Fwp%2Fv2%2Ftags&post=9168"}],"curies":[{"name":"wp","href":"https:\/\/api.w.org\/{rel}","templated":true}]}}