{"id":9158,"date":"2023-03-23T15:58:20","date_gmt":"2023-03-23T15:58:20","guid":{"rendered":"https:\/\/dekkbi.com\/?p=9158"},"modified":"2023-03-23T15:58:57","modified_gmt":"2023-03-23T15:58:57","slug":"retraites-les-syndicats-veulent-garder-lopinion-face-a-un-pouvoir-inflexible","status":"publish","type":"post","link":"https:\/\/dekkbi.com\/?p=9158","title":{"rendered":"Retraites: les syndicats veulent \u00ab\u00a0garder l&rsquo;opinion\u00a0\u00bb face \u00e0 un pouvoir inflexible"},"content":{"rendered":"\n<p><a href=\"https:\/\/www.addthis.com\/bookmark.php?v=300\"><\/a><a href=\"https:\/\/www.addthis.com\/bookmark.php?v=300\"><\/a><a rel=\"noreferrer noopener\" href=\"https:\/\/www.addthis.com\/bookmark.php?v=300\" target=\"_blank\"><\/a><a rel=\"noreferrer noopener\" href=\"https:\/\/www.addthis.com\/bookmark.php?v=300\" target=\"_blank\"><\/a>D\u00e9termin\u00e9s \u00e0 \u00ab\u00a0garder l&rsquo;opinion\u00a0\u00bb en \u00e9vitant toute violence, les syndicats tablent sur un \u00ab\u00a0regain de mobilisation\u00a0\u00bb pour la neuvi\u00e8me journ\u00e9e d&rsquo;action contre la r\u00e9forme des retraites, au lendemain d&rsquo;une intervention du pr\u00e9sident de la R\u00e9publique qui a h\u00e9riss\u00e9 les opposants.<\/p>\n\n\n\n<p>Cette journ\u00e9e est la premi\u00e8re organis\u00e9e au niveau national apr\u00e8s l&rsquo;adoption de la loi via l&rsquo;arme constitutionnelle du 49.3, le 16 mars.<\/p>\n\n\n\n<p>Peu avant le d\u00e9part du cort\u00e8ge parisien, le secr\u00e9taire g\u00e9n\u00e9ral de la CFDT Laurent Berger a not\u00e9 un \u00ab\u00a0regain de mobilisation\u00a0\u00bb et appel\u00e9 \u00ab\u00a0\u00e0 la non-violence\u00a0\u00bb, ajoutant que \u00ab\u00a0jusqu&rsquo;au bout il va falloir garder l&rsquo;opinion\u00a0\u00bb qui est une \u00ab\u00a0p\u00e9pite\u00a0\u00bb.<\/p>\n\n\n\n<p><a><\/a><a href=\"https:\/\/information.tv5monde.com\/info\/retraites-les-syndicats-veulent-garder-l-opinion-face-un-pouvoir-inflexible-492828#photo1\"><\/a><a href=\"https:\/\/information.tv5monde.com\/video\/jpg\/74949b72-6b6a-46ba-b51c-a674fada8bee.jpg\"><\/a><a href=\"https:\/\/information.tv5monde.com\/video\/qt-hi\/74949b72-6b6a-46ba-b51c-a674fada8bee.640x360.mp4\"><\/a>A ses c\u00f4t\u00e9s, son homologue de la CGT Philippe Martinez a estim\u00e9 qu&rsquo;Emmanuel Macron avait \u00ab\u00a0jet\u00e9 un bidon d&rsquo;essence sur le feu\u00a0\u00bb avec son interview, rappelant que les syndicats avaient \u00e9crit au chef de l&rsquo;Etat pour l&rsquo;alerter sur la \u00ab\u00a0situation explosive\u00a0\u00bb du pays.<\/p>\n\n\n\n<p>Les premiers cort\u00e8ges \u00e9taient fournis, davantage que lors de la derni\u00e8re journ\u00e9e de mobilisation, mais sans atteindre les records, comme \u00e0 Clermont-Ferrand o\u00f9 ils \u00e9taient selon les autorit\u00e9s 13.500, ou \u00e0 Agen (4.000) et Bayonne (9.500).<\/p>\n\n\n\n<p>Des heurts ont oppos\u00e9 \u00e0 Nantes et Rennes des manifestants aux forces de l&rsquo;ordre, qui ont fait usage de gaz lacrymog\u00e8ne et de canon \u00e0 eau. A Lorient (Morbihan) c&rsquo;est le commissariat qui a \u00e9t\u00e9 pris pour cible.<\/p>\n\n\n\n<p>La police attend \u00ab\u00a0entre 600 et 800.000 personnes sur environ 320 actions\u00a0\u00bb, dont 40 \u00e0 70.000 \u00e0 Paris.<\/p>\n\n\n\n<p>Environ 500 gilets jaunes et 500 \u00e9l\u00e9ments radicaux sont attendus, alors que le cort\u00e8ge est parti vers 14h30 de la Bastille en direction de la place de l&rsquo;Op\u00e9ra.<\/p>\n\n\n\n<p>Et \u00ab\u00a0en province plus d&rsquo;une dizaine de villes verront des d\u00e9monstrations de l&rsquo;ultra gauche\u00a0\u00bb.<\/p>\n\n\n\n<p>Apr\u00e8s une semaine marqu\u00e9e par des \u00e9chauffour\u00e9es quotidiennes, la crainte de d\u00e9bordements est amplifi\u00e9e par la fermet\u00e9 de l&rsquo;ex\u00e9cutif.<\/p>\n\n\n\n<p>&#8211; \u00ab\u00a0Une gifle\u00a0\u00bb &#8211;<\/p>\n\n\n\n<p>Emmanuel Macron n&rsquo;a en effet pas d\u00e9vi\u00e9 de son cap, r\u00e9affirmant mercredi que sa r\u00e9forme \u00e9tait \u00ab\u00a0n\u00e9cessaire\u00a0\u00bb, qualifiant les auteurs de violences de \u00ab\u00a0factieux\u00a0\u00bb et \u00e9gratignant au passage les syndicats, et particuli\u00e8rement la CFDT, accus\u00e9s de ne pas avoir su \u00ab\u00a0propose(r) un compromis\u00a0\u00bb.<\/p>\n\n\n\n<p>\u00ab\u00a0Cibler la CFDT, c&rsquo;est idiot. Je n&rsquo;ai jamais renou\u00e9 le dialogue en mettant une gifle \u00e0 quelqu&rsquo;un\u00a0\u00bb, a r\u00e9pondu Laurent Berger jeudi. Pour le patron du premier syndicat fran\u00e7ais, ces propos ont \u00ab\u00a0sans doute renforc\u00e9 la d\u00e9termination pour les manifestations\u00a0\u00bb.<\/p>\n\n\n\n<p>Les autres leaders syndicaux ont d\u00e9nonc\u00e9 \u00e0 l&rsquo;unisson le \u00ab\u00a0m\u00e9pris\u00a0\u00bb et le \u00ab\u00a0d\u00e9ni\u00a0\u00bb du chef de l&rsquo;Etat, attendu jeudi en d\u00e9but d&rsquo;apr\u00e8s-midi \u00e0 Bruxelles pour un conseil europ\u00e9en.<\/p>\n\n\n\n<p>Pendant ce temps, les gr\u00e8ves entrainaient de nombreuses perturbations, notamment dans les transports. A la SNCF, seule la moiti\u00e9 des TGV Inoui et Ouigo et le tiers des TER circulaient, tandis que la RATP faisait \u00e9tat d&rsquo;un trafic \u00ab\u00a0tr\u00e8s perturb\u00e9\u00a0\u00bb.<\/p>\n\n\n\n<p><a><\/a><a href=\"https:\/\/information.tv5monde.com\/info\/retraites-les-syndicats-veulent-garder-l-opinion-face-un-pouvoir-inflexible-492828#photo4\"><\/a><a href=\"https:\/\/information.tv5monde.com\/video\/jpg\/ae63b3bf-cdef-424d-aeee-a0715282ca81.jpg\"><\/a><a href=\"https:\/\/information.tv5monde.com\/video\/qt-hi\/ae63b3bf-cdef-424d-aeee-a0715282ca81.640x360.mp4\"><\/a>A Quimper, des manifestants ont bloqu\u00e9 les acc\u00e8s \u00e0 la gare et occup\u00e9 les voies d\u00e8s l&rsquo;aube. Des d\u00e9p\u00f4ts de bus ont aussi \u00e9t\u00e9 bloqu\u00e9s par des manifestants \u00e0 Rennes, Saint-Brieuc et Evreux.<\/p>\n\n\n\n<p>Quelques dizaines de personnes ont \u00e9galement fait irruption \u00e0 l&rsquo;a\u00e9roport de Roissy, bloquant durant une heure les acc\u00e8s au terminal 1 avant d&rsquo;en \u00eatre d\u00e9log\u00e9s dans le calme. Le risque vient aussi de l&rsquo;approvisionnement en k\u00e9ros\u00e8ne, qui \u00ab\u00a0devient critique\u00a0\u00bb pour l&rsquo;Ile-de-France et ses grands a\u00e9roports, en raison des gr\u00e8ves dans les raffineries, a fait savoir le minist\u00e8re de la Transition \u00e9nerg\u00e9tique.<\/p>\n\n\n\n<p>A tel point que le gouvernement a pris un arr\u00eat\u00e9 de r\u00e9quisition \u00e0 l&rsquo;\u00e9gard des gr\u00e9vistes de la raffinerie TotalEnergies de Normandie.<\/p>\n\n\n\n<p>Un peu plus d&rsquo;un quart des salari\u00e9s d&rsquo;EDF (25,3%) \u00e9taient en gr\u00e8ve \u00e0 la mi-journ\u00e9e, selon la direction.<\/p>\n\n\n\n<p>&#8211; Baroud d&rsquo;honneur &#8211;<\/p>\n\n\n\n<p>Des monuments ont \u00e9galement \u00e9t\u00e9 ferm\u00e9s, dont la Tour Eiffel ou le ch\u00e2teau de Versailles.<\/p>\n\n\n\n<p>Dans l&rsquo;Education nationale, le minist\u00e8re a comptabilis\u00e9 23,22% de gr\u00e9vistes dans le primaire et 19,61% dans le secondaire.<\/p>\n\n\n\n<p>Premier syndicat dans les \u00e9coles, le Snuipp-FSU pr\u00e9voyait entre 40 et 50% de gr\u00e9vistes chez les professeurs du primaire et son homologue du second degr\u00e9, le Snes-FSU, 50% dans les coll\u00e8ges et lyc\u00e9es.<\/p>\n\n\n\n<p>L&rsquo;agitation gagne aussi une partie de la jeunesse. Le minist\u00e8re de l&rsquo;Education nationale faisait \u00e9tat jeudi midi de \u00ab\u00a077 incidents dans les lyc\u00e9es en France\u00a0\u00bb, dont 27 blocages, tandis que des universit\u00e9s \u00e9taient aussi bloqu\u00e9es.<\/p>\n\n\n\n<p>M\u00eame la peu r\u00e9volutionnaire facult\u00e9 de droit d&rsquo;Assas, \u00e0 Paris, o\u00f9 Redouane, \u00e9tudiant de 23 ans, veut \u00ab\u00a0montrer le m\u00e9contentement face \u00e0 cette r\u00e9forme\u00a0\u00bb.<\/p>\n\n\n\n<p>\u00ab\u00a0Pour nous, la retraite c&rsquo;est loin, mais on se sent quand m\u00eame concern\u00e9s\u00a0\u00bb, expliquait Emma, 19 ans, devant le prestigieux lyc\u00e9e Louis-le-Grand. A Montpellier, Elia, 15 ans, lyc\u00e9enne affirmait que \u00ab\u00a0les gens n&rsquo;en peuvent plus d&rsquo;avoir un gouvernement qui les ignore. Le 49.3, c&rsquo;est tout sauf d\u00e9mocratique\u00a0\u00bb.<\/p>\n\n\n\n<p>La mobilisation de jeudi sera-t-elle un baroud d&rsquo;honneur, ou un bouquet final avant que la contestation ne s&rsquo;\u00e9teigne ?<\/p>\n\n\n\n<p>Selon une source proche du gouvernement, l&rsquo;ex\u00e9cutif esp\u00e8re que la mobilisation \u00ab\u00a0s&rsquo;\u00e9tiole\u00a0\u00bb apr\u00e8s jeudi, et que tout rentre dans l&rsquo;ordre \u00ab\u00a0ce week-end\u00a0\u00bb.<\/p>\n\n\n\n<p>Mais l&rsquo;intersyndicale ne d\u00e9sarme pas: elle se retrouvera jeudi soir au si\u00e8ge de la CFDT \u00e0 Paris.<\/p>\n\n\n\n<p>bur-sl-clw-gbh\/grd\/gvy<video preload=\"auto\" src=\"https:\/\/information.tv5monde.com\/sites\/info.tv5monde.com\/files\/jwplayerfield\/74949b72-6b6a-46ba-b51c-a674fada8bee.640x360.mp4\"><\/video>Lire la vid\u00e9o<\/p>\n\n\n\n<p>Par St\u00e9phanie LEROUGE<\/p>\n\n\n\n<h1 class=\"wp-block-heading\">Retraites: les syndicats veulent \u00ab\u00a0garder l&rsquo;opinion\u00a0\u00bb face \u00e0 un pouvoir inflexible<\/h1>\n\n\n\n<figure class=\"wp-block-image\"><img decoding=\"async\" src=\"https:\/\/information.tv5monde.com\/sites\/info.tv5monde.com\/files\/styles\/large\/public\/0946fdea54f9c44b7ab17e656f957fd6e4ac4f70.jpg?itok=tRTuZ28x\" alt=\"Manifestation contre la r\u00e9forme des retraites, le 23 mars 2023 \u00e0 Paris\" title=\"afp.com - Emmanuel DUNAND\"\/><\/figure>\n\n\n\n<p>Manifestation contre la r\u00e9forme des retraites, le 23 mars 2023 \u00e0 Paris<\/p>\n\n\n\n<p>afp.com &#8211; Emmanuel DUNAND<\/p>\n\n\n\n<ul class=\"wp-block-list\">\n<li><\/li>\n\n\n\n<li><\/li>\n\n\n\n<li><\/li>\n\n\n\n<li><\/li>\n\n\n\n<li><\/li>\n\n\n\n<li><\/li>\n\n\n\n<li><\/li>\n\n\n\n<li><\/li>\n<\/ul>\n\n\n\n<p>23 MAR 2023<\/p>\n\n\n\n<p>Mise \u00e0 jour 23.03.2023 \u00e0 16:00<\/p>\n\n\n\n<p>Par St\u00e9phanie LEROUGE<\/p>\n\n\n\n<p>&nbsp;<a href=\"https:\/\/information.tv5monde.com\/auteur\/afp\">AFP<\/a>&nbsp;<\/p>\n\n\n\n<p>\u00a9 2023 AFP<\/p>\n\n\n\n<p><a href=\"https:\/\/www.addthis.com\/bookmark.php?v=300\"><\/a><a href=\"https:\/\/www.addthis.com\/bookmark.php?v=300\"><\/a><a href=\"https:\/\/www.addthis.com\/bookmark.php?v=300\" rel=\"noreferrer noopener\" target=\"_blank\"><\/a><a href=\"https:\/\/www.addthis.com\/bookmark.php?v=300\" rel=\"noreferrer noopener\" target=\"_blank\"><\/a><\/p>\n\n\n\n<p>D\u00e9termin\u00e9s \u00e0 \u00ab\u00a0garder l&rsquo;opinion\u00a0\u00bb en \u00e9vitant toute violence, les syndicats tablent sur un \u00ab\u00a0regain de mobilisation\u00a0\u00bb pour la neuvi\u00e8me journ\u00e9e d&rsquo;action contre la r\u00e9forme des retraites, au lendemain d&rsquo;une intervention du pr\u00e9sident de la R\u00e9publique qui a h\u00e9riss\u00e9 les opposants.<\/p>\n\n\n\n<p>Cette journ\u00e9e est la premi\u00e8re organis\u00e9e au niveau national apr\u00e8s l&rsquo;adoption de la loi via l&rsquo;arme constitutionnelle du 49.3, le 16 mars.<\/p>\n\n\n\n<p>Peu avant le d\u00e9part du cort\u00e8ge parisien, le secr\u00e9taire g\u00e9n\u00e9ral de la CFDT Laurent Berger a not\u00e9 un \u00ab\u00a0regain de mobilisation\u00a0\u00bb et appel\u00e9 \u00ab\u00a0\u00e0 la non-violence\u00a0\u00bb, ajoutant que \u00ab\u00a0jusqu&rsquo;au bout il va falloir garder l&rsquo;opinion\u00a0\u00bb qui est une \u00ab\u00a0p\u00e9pite\u00a0\u00bb.<\/p>\n\n\n\n<p><a><\/a><a href=\"https:\/\/information.tv5monde.com\/info\/retraites-les-syndicats-veulent-garder-l-opinion-face-un-pouvoir-inflexible-492828#photo1\"><\/a><a href=\"https:\/\/information.tv5monde.com\/video\/jpg\/74949b72-6b6a-46ba-b51c-a674fada8bee.jpg\"><\/a><a href=\"https:\/\/information.tv5monde.com\/video\/qt-hi\/74949b72-6b6a-46ba-b51c-a674fada8bee.640x360.mp4\"><\/a>A ses c\u00f4t\u00e9s, son homologue de la CGT Philippe Martinez a estim\u00e9 qu&rsquo;Emmanuel Macron avait \u00ab\u00a0jet\u00e9 un bidon d&rsquo;essence sur le feu\u00a0\u00bb avec son interview, rappelant que les syndicats avaient \u00e9crit au chef de l&rsquo;Etat pour l&rsquo;alerter sur la \u00ab\u00a0situation explosive\u00a0\u00bb du pays.<\/p>\n\n\n\n<p>Les premiers cort\u00e8ges \u00e9taient fournis, davantage que lors de la derni\u00e8re journ\u00e9e de mobilisation, mais sans atteindre les records, comme \u00e0 Clermont-Ferrand o\u00f9 ils \u00e9taient selon les autorit\u00e9s 13.500, ou \u00e0 Agen (4.000) et Bayonne (9.500).<\/p>\n\n\n\n<p>Des heurts ont oppos\u00e9 \u00e0 Nantes et Rennes des manifestants aux forces de l&rsquo;ordre, qui ont fait usage de gaz lacrymog\u00e8ne et de canon \u00e0 eau. A Lorient (Morbihan) c&rsquo;est le commissariat qui a \u00e9t\u00e9 pris pour cible.<\/p>\n\n\n\n<p>La police attend \u00ab\u00a0entre 600 et 800.000 personnes sur environ 320 actions\u00a0\u00bb, dont 40 \u00e0 70.000 \u00e0 Paris.<\/p>\n\n\n\n<p>Environ 500 gilets jaunes et 500 \u00e9l\u00e9ments radicaux sont attendus, alors que le cort\u00e8ge est parti vers 14h30 de la Bastille en direction de la place de l&rsquo;Op\u00e9ra.<\/p>\n\n\n\n<p>Et \u00ab\u00a0en province plus d&rsquo;une dizaine de villes verront des d\u00e9monstrations de l&rsquo;ultra gauche\u00a0\u00bb.<\/p>\n\n\n\n<p>Apr\u00e8s une semaine marqu\u00e9e par des \u00e9chauffour\u00e9es quotidiennes, la crainte de d\u00e9bordements est amplifi\u00e9e par la fermet\u00e9 de l&rsquo;ex\u00e9cutif.<\/p>\n\n\n\n<p>&#8211; \u00ab\u00a0Une gifle\u00a0\u00bb &#8211;<\/p>\n\n\n\n<p>Emmanuel Macron n&rsquo;a en effet pas d\u00e9vi\u00e9 de son cap, r\u00e9affirmant mercredi que sa r\u00e9forme \u00e9tait \u00ab\u00a0n\u00e9cessaire\u00a0\u00bb, qualifiant les auteurs de violences de \u00ab\u00a0factieux\u00a0\u00bb et \u00e9gratignant au passage les syndicats, et particuli\u00e8rement la CFDT, accus\u00e9s de ne pas avoir su \u00ab\u00a0propose(r) un compromis\u00a0\u00bb.<\/p>\n\n\n\n<p>\u00ab\u00a0Cibler la CFDT, c&rsquo;est idiot. Je n&rsquo;ai jamais renou\u00e9 le dialogue en mettant une gifle \u00e0 quelqu&rsquo;un\u00a0\u00bb, a r\u00e9pondu Laurent Berger jeudi. Pour le patron du premier syndicat fran\u00e7ais, ces propos ont \u00ab\u00a0sans doute renforc\u00e9 la d\u00e9termination pour les manifestations\u00a0\u00bb.<\/p>\n\n\n\n<p>Les autres leaders syndicaux ont d\u00e9nonc\u00e9 \u00e0 l&rsquo;unisson le \u00ab\u00a0m\u00e9pris\u00a0\u00bb et le \u00ab\u00a0d\u00e9ni\u00a0\u00bb du chef de l&rsquo;Etat, attendu jeudi en d\u00e9but d&rsquo;apr\u00e8s-midi \u00e0 Bruxelles pour un conseil europ\u00e9en.<\/p>\n\n\n\n<p>Pendant ce temps, les gr\u00e8ves entrainaient de nombreuses perturbations, notamment dans les transports. A la SNCF, seule la moiti\u00e9 des TGV Inoui et Ouigo et le tiers des TER circulaient, tandis que la RATP faisait \u00e9tat d&rsquo;un trafic \u00ab\u00a0tr\u00e8s perturb\u00e9\u00a0\u00bb.<\/p>\n\n\n\n<p><a><\/a><a href=\"https:\/\/information.tv5monde.com\/info\/retraites-les-syndicats-veulent-garder-l-opinion-face-un-pouvoir-inflexible-492828#photo4\"><\/a><a href=\"https:\/\/information.tv5monde.com\/video\/jpg\/ae63b3bf-cdef-424d-aeee-a0715282ca81.jpg\"><\/a><a href=\"https:\/\/information.tv5monde.com\/video\/qt-hi\/ae63b3bf-cdef-424d-aeee-a0715282ca81.640x360.mp4\"><\/a>A Quimper, des manifestants ont bloqu\u00e9 les acc\u00e8s \u00e0 la gare et occup\u00e9 les voies d\u00e8s l&rsquo;aube. Des d\u00e9p\u00f4ts de bus ont aussi \u00e9t\u00e9 bloqu\u00e9s par des manifestants \u00e0 Rennes, Saint-Brieuc et Evreux.<\/p>\n\n\n\n<p>Quelques dizaines de personnes ont \u00e9galement fait irruption \u00e0 l&rsquo;a\u00e9roport de Roissy, bloquant durant une heure les acc\u00e8s au terminal 1 avant d&rsquo;en \u00eatre d\u00e9log\u00e9s dans le calme. Le risque vient aussi de l&rsquo;approvisionnement en k\u00e9ros\u00e8ne, qui \u00ab\u00a0devient critique\u00a0\u00bb pour l&rsquo;Ile-de-France et ses grands a\u00e9roports, en raison des gr\u00e8ves dans les raffineries, a fait savoir le minist\u00e8re de la Transition \u00e9nerg\u00e9tique.<\/p>\n\n\n\n<p>A tel point que le gouvernement a pris un arr\u00eat\u00e9 de r\u00e9quisition \u00e0 l&rsquo;\u00e9gard des gr\u00e9vistes de la raffinerie TotalEnergies de Normandie.<\/p>\n\n\n\n<p>Un peu plus d&rsquo;un quart des salari\u00e9s d&rsquo;EDF (25,3%) \u00e9taient en gr\u00e8ve \u00e0 la mi-journ\u00e9e, selon la direction.<\/p>\n\n\n\n<p>&#8211; Baroud d&rsquo;honneur &#8211;<\/p>\n\n\n\n<p>Des monuments ont \u00e9galement \u00e9t\u00e9 ferm\u00e9s, dont la Tour Eiffel ou le ch\u00e2teau de Versailles.<\/p>\n\n\n\n<p>Dans l&rsquo;Education nationale, le minist\u00e8re a comptabilis\u00e9 23,22% de gr\u00e9vistes dans le primaire et 19,61% dans le secondaire.<\/p>\n\n\n\n<p>Premier syndicat dans les \u00e9coles, le Snuipp-FSU pr\u00e9voyait entre 40 et 50% de gr\u00e9vistes chez les professeurs du primaire et son homologue du second degr\u00e9, le Snes-FSU, 50% dans les coll\u00e8ges et lyc\u00e9es.<\/p>\n\n\n\n<p>L&rsquo;agitation gagne aussi une partie de la jeunesse. Le minist\u00e8re de l&rsquo;Education nationale faisait \u00e9tat jeudi midi de \u00ab\u00a077 incidents dans les lyc\u00e9es en France\u00a0\u00bb, dont 27 blocages, tandis que des universit\u00e9s \u00e9taient aussi bloqu\u00e9es.<\/p>\n\n\n\n<p>M\u00eame la peu r\u00e9volutionnaire facult\u00e9 de droit d&rsquo;Assas, \u00e0 Paris, o\u00f9 Redouane, \u00e9tudiant de 23 ans, veut \u00ab\u00a0montrer le m\u00e9contentement face \u00e0 cette r\u00e9forme\u00a0\u00bb.<\/p>\n\n\n\n<p>\u00ab\u00a0Pour nous, la retraite c&rsquo;est loin, mais on se sent quand m\u00eame concern\u00e9s\u00a0\u00bb, expliquait Emma, 19 ans, devant le prestigieux lyc\u00e9e Louis-le-Grand. A Montpellier, Elia, 15 ans, lyc\u00e9enne affirmait que \u00ab\u00a0les gens n&rsquo;en peuvent plus d&rsquo;avoir un gouvernement qui les ignore. Le 49.3, c&rsquo;est tout sauf d\u00e9mocratique\u00a0\u00bb.<\/p>\n\n\n\n<p>La mobilisation de jeudi sera-t-elle un baroud d&rsquo;honneur, ou un bouquet final avant que la contestation ne s&rsquo;\u00e9teigne ?<\/p>\n\n\n\n<p>Selon une source proche du gouvernement, l&rsquo;ex\u00e9cutif esp\u00e8re que la mobilisation \u00ab\u00a0s&rsquo;\u00e9tiole\u00a0\u00bb apr\u00e8s jeudi, et que tout rentre dans l&rsquo;ordre \u00ab\u00a0ce week-end\u00a0\u00bb.<\/p>\n\n\n\n<p>Mais l&rsquo;intersyndicale ne d\u00e9sarme pas: elle se retrouvera jeudi soir au si\u00e8ge de la CFDT \u00e0 Paris.<\/p>\n\n\n\n<p>bur-sl-clw-gbh\/grd\/gvy<video preload=\"auto\" src=\"https:\/\/information.tv5monde.com\/sites\/info.tv5monde.com\/files\/jwplayerfield\/74949b72-6b6a-46ba-b51c-a674fada8bee.640x360.mp4\"><\/video>Lire la vid\u00e9o<\/p>\n\n\n\n<p>Par St\u00e9phanie LEROUGE<\/p>\n","protected":false},"excerpt":{"rendered":"<p>D\u00e9termin\u00e9s \u00e0 \u00ab\u00a0garder l&rsquo;opinion\u00a0\u00bb en \u00e9vitant toute violence, les syndicats tablent sur un \u00ab\u00a0regain de mobilisation\u00a0\u00bb pour la neuvi\u00e8me journ\u00e9e<\/p>\n","protected":false},"author":1,"featured_media":9159,"comment_status":"open","ping_status":"open","sticky":false,"template":"","format":"standard","meta":{"footnotes":""},"categories":[3],"tags":[],"class_list":["post-9158","post","type-post","status-publish","format-standard","has-post-thumbnail","hentry","category-event-more-news"],"_links":{"self":[{"href":"https:\/\/dekkbi.com\/index.php?rest_route=\/wp\/v2\/posts\/9158","targetHints":{"allow":["GET"]}}],"collection":[{"href":"https:\/\/dekkbi.com\/index.php?rest_route=\/wp\/v2\/posts"}],"about":[{"href":"https:\/\/dekkbi.com\/index.php?rest_route=\/wp\/v2\/types\/post"}],"author":[{"embeddable":true,"href":"https:\/\/dekkbi.com\/index.php?rest_route=\/wp\/v2\/users\/1"}],"replies":[{"embeddable":true,"href":"https:\/\/dekkbi.com\/index.php?rest_route=%2Fwp%2Fv2%2Fcomments&post=9158"}],"version-history":[{"count":1,"href":"https:\/\/dekkbi.com\/index.php?rest_route=\/wp\/v2\/posts\/9158\/revisions"}],"predecessor-version":[{"id":9160,"href":"https:\/\/dekkbi.com\/index.php?rest_route=\/wp\/v2\/posts\/9158\/revisions\/9160"}],"wp:featuredmedia":[{"embeddable":true,"href":"https:\/\/dekkbi.com\/index.php?rest_route=\/wp\/v2\/media\/9159"}],"wp:attachment":[{"href":"https:\/\/dekkbi.com\/index.php?rest_route=%2Fwp%2Fv2%2Fmedia&parent=9158"}],"wp:term":[{"taxonomy":"category","embeddable":true,"href":"https:\/\/dekkbi.com\/index.php?rest_route=%2Fwp%2Fv2%2Fcategories&post=9158"},{"taxonomy":"post_tag","embeddable":true,"href":"https:\/\/dekkbi.com\/index.php?rest_route=%2Fwp%2Fv2%2Ftags&post=9158"}],"curies":[{"name":"wp","href":"https:\/\/api.w.org\/{rel}","templated":true}]}}