{"id":9147,"date":"2023-03-23T15:46:35","date_gmt":"2023-03-23T15:46:35","guid":{"rendered":"https:\/\/dekkbi.com\/?p=9147"},"modified":"2023-03-23T15:46:37","modified_gmt":"2023-03-23T15:46:37","slug":"corruption-et-arbitrage-cinq-questions-sur-le-scandale-negreira-qui-secoue-le-barca-et-le-foot-espagnol","status":"publish","type":"post","link":"https:\/\/dekkbi.com\/?p=9147","title":{"rendered":"Corruption et arbitrage: cinq questions sur le scandale Negreira qui secoue le Bar\u00e7a et le foot espagnol"},"content":{"rendered":"\n<p>\u201cC\u2019est le pire moment de l\u2019histoire de notre football\u201d: Javier Tebas, le grand patron de La Liga, n\u2019a pas m\u00e2ch\u00e9 ses mots au moment d\u2019\u00e9voquer, pour la premi\u00e8re fois, le scandale Negreira qui touche le football espagnol et qui \u00e9gratigne le FC Barcelone depuis plusieurs semaines. Mais de quoi est accus\u00e9 le club catalan et que risque-t-il d\u2019un point de vue sportif? On tente d\u2019y voir plus clair, un mois apr\u00e8s les premi\u00e8res r\u00e9v\u00e9lations des m\u00e9dias espagnols.<\/p>\n\n\n\n<h2 class=\"wp-block-heading\">Qui est Jos\u00e9 Maria Enriquez Negreira?<\/h2>\n\n\n\n<p>C\u2019est le personnage central du dossier. Aujourd\u2019hui \u00e2g\u00e9 de 77 ans, Jos\u00e9 Maria Enriquez Negreira est un ancien arbitre international, qui a occup\u00e9 la fonction de vice-pr\u00e9sident du Comit\u00e9 technique des arbitres (CTA) de la F\u00e9d\u00e9ration espagnole de football durant plus de 20 ans.<\/p>\n\n\n\n<h2 class=\"wp-block-heading\">Que reproche la justice au FC Barcelone?<\/h2>\n\n\n\n<p>Negreira a \u00e9t\u00e9 rattrap\u00e9 par le FISC en 2021 pour des paiements faits \u00e0 sa soci\u00e9t\u00e9, Dasnil 95, et qui n\u2019ont pas \u00e9t\u00e9d\u00e9clar\u00e9s. Et c\u2019est l\u00e0 qu\u2019intervient le Bar\u00e7a. Selon le Parquet, les paiements d\u00e9tect\u00e9s par le FISC ont \u00e9t\u00e9 faits par le club catalan \u00e0 l\u2019entreprise de l\u2019ancien arbitre. On parle d\u2019un montant de 7,3 millions d\u2019euros pay\u00e9s \u00e0 l\u2019ancien vice-pr\u00e9sident de la Commission technique des arbitres espagnols. \u201cLe FC Barcelone a obtenu et maintenu un accord verbal strictement confidentiel avec Jos\u00e9 Maria Enriquez Negreira afin que, en sa qualit\u00e9 de vice-pr\u00e9sident du comit\u00e9 technique arbitral (CTA) et en \u00e9change d\u2019argent, ce dernier m\u00e8ne des actions tendant \u00e0 avantager le FC Barcelone dans la prise de d\u00e9cision des arbitres\u201d.<\/p>\n\n\n\n<p>Le parquet a non-seulement inculp\u00e9 le club, mais aussi deux de ses anciens pr\u00e9sidents (Jos\u00e9 Maria Bartomeu et Sandro Rossell) et deux anciens bras droits de Bartomeu (Oscar Grau et Albert Soler). Ils ont \u00e9t\u00e9 inculp\u00e9s, au m\u00eame titre que Jos\u00e9 Maria Enriquez Negreira pour \u201ccorruption dans le secteur sportif, abus de confiance et faux en \u00e9criture de commerce\u201d.<\/p>\n\n\n\n<blockquote class=\"wp-block-quote is-layout-flow wp-block-quote-is-layout-flow\">\n<p>Nous n\u2019allons pas seulement d\u00e9fendre, nous allons aussi attaquer.Joan Laporta, Pr\u00e9sident du Bar\u00e7a<\/p>\n<\/blockquote>\n\n\n\n<h2 class=\"wp-block-heading\">Quelle d\u00e9fense pour le club catalan?<\/h2>\n\n\n\n<p>Alors que son club est s\u00e9rieusement secou\u00e9 par ces accusations et ces inculpations, l\u2019actuel patron du Bar\u00e7a, Joan Laporta s\u2019est montr\u00e9 ferme dans un message principalement destin\u00e9 aux fans catalans: \u201cQue ce soit clair: le Bar\u00e7a n\u2019a jamais achet\u00e9 d\u2019arbitres! Nous sommes victimes d\u2019une campagne qui a pour but, \u00e0 court terme, de d\u00e9stabiliser notre \u00e9quipe et, \u00e0 moyen terme, de contr\u00f4ler le Bar\u00e7a. J\u2019aurai le temps de vous expliquer qui, pourquoi et comment cette campagne est orchestr\u00e9e. Mais n\u2019en doutez pas: nous allons nous d\u00e9fendre. Et nous n\u2019allons pas seulement nous d\u00e9fendre, nous allons aussi attaquer. Je suis \u00e9mu, mais ce n\u2019est pas de la faiblesse, je le suis parce que je veux affronter les crapules qui ternissent notre blason\u201d, assure celui qui est redevenu pr\u00e9sident du Bar\u00e7a en mars 2021.<\/p>\n\n\n\n<h2 class=\"wp-block-heading\">Quelles sanctions risquent le Bar\u00e7a?<\/h2>\n\n\n\n<p>D\u2019un point de vue sportif, le Bar\u00e7a ne risque rien, si l\u2019on en croit le patron de La Liga, Javier Tebas. \u201cLes faits remontent \u00e0 plus de cinq ans, ils sont consid\u00e9r\u00e9s comme prescrits\u201d. \u00c7a, c\u2019est pour le territoire national, car, sur la sc\u00e8ne europ\u00e9enne, la donne pourrait \u00eatre radicalement diff\u00e9rente pour le club catalan. L\u2019UEFA a, en effet, annonc\u00e9 jeudi avoir ouvert une enqu\u00eate et le Bar\u00e7a pourrait se voir, par exemple, infliger une exclusion temporaire des comp\u00e9titions europ\u00e9ennes.<\/p>\n\n\n\n<p>Mais des sanctions p\u00e9nales sont \u00e9galement possibles, comme l\u2019explique Alberto Palomar, professeur de droit espagnol, dans un entretien accord\u00e9 \u00e0 l\u2019AFP. \u201cLes dirigeants mis en causes risquent de six mois \u00e0 quatre ans de prison et les sanctions \u00e0 l\u2019\u00e9gard du club peuvent aller de la suspension de l\u2019activit\u00e9 \u00e0 la dissolution pure et simple.\u201d<\/p>\n\n\n\n<blockquote class=\"wp-block-quote is-layout-flow wp-block-quote-is-layout-flow\">\n<p>J\u2019ai honte. La r\u00e9putation de notre football est en jeu.Javier Tebas, Pr\u00e9sident de La Liga.<\/p>\n<\/blockquote>\n\n\n\n<h2 class=\"wp-block-heading\">Comment r\u00e9agissent les autres principaux acteurs du football espagnol?<\/h2>\n\n\n\n<p>Si le scandale \u00e9clabousse le Bar\u00e7a, il touche aussi le football espagnol dans son enti\u00e8ret\u00e9. Plusieurs acteurs majeurs ont \u00e9videmment r\u00e9agi et esp\u00e8rent de rapides \u00e9claircissements sur le dossier.<\/p>\n\n\n\n<p>\u00c0 l\u2019image Javier Tebas, pr\u00e9sident de La Liga. \u201cDe ce dont je me souviens, c\u2019est le pire moment de l\u2019histoire du football espagnol. La r\u00e9putation de notre football est en jeu. J\u2019ai honte. Il y a des preuves de paiements du Bar\u00e7a au vice-pr\u00e9sident de la Commission technique des arbitres. C\u2019est anormal et le Bar\u00e7a ne nous a fourni aucune explication.\u201d<\/p>\n\n\n\n<p>Mais l\u2019affaire a \u00e9galement fait r\u00e9agir le principal rival de Barcelone, le Real Madrid. Le club a demand\u00e9 \u00e0 \u201cfaire partie de la proc\u00e9dure judiciaire en tant que partie l\u00e9s\u00e9e\u201d. \u201cLe Real Madrid tient \u00e0 faire part de sa profonde pr\u00e9occupation concernant la gravit\u00e9 des faits et, pour demandera \u00e0 faire partie de la proc\u00e9dure d\u2019investigation pour d\u00e9fendre ses int\u00e9r\u00eats l\u00e9gitimes\u201d, avait pr\u00e9cis\u00e9 le club madril\u00e8ne dans un communiqu\u00e9 publi\u00e9 quelques-heures apr\u00e8s l\u2019inculpation du Bar\u00e7a et de ses anciens dirigeants.<\/p>\n","protected":false},"excerpt":{"rendered":"<p>\u201cC\u2019est le pire moment de l\u2019histoire de notre football\u201d: Javier Tebas, le grand patron de La Liga, n\u2019a pas m\u00e2ch\u00e9<\/p>\n","protected":false},"author":1,"featured_media":9148,"comment_status":"open","ping_status":"open","sticky":false,"template":"","format":"standard","meta":{"footnotes":""},"categories":[9],"tags":[],"class_list":["post-9147","post","type-post","status-publish","format-standard","has-post-thumbnail","hentry","category-sports"],"_links":{"self":[{"href":"https:\/\/dekkbi.com\/index.php?rest_route=\/wp\/v2\/posts\/9147","targetHints":{"allow":["GET"]}}],"collection":[{"href":"https:\/\/dekkbi.com\/index.php?rest_route=\/wp\/v2\/posts"}],"about":[{"href":"https:\/\/dekkbi.com\/index.php?rest_route=\/wp\/v2\/types\/post"}],"author":[{"embeddable":true,"href":"https:\/\/dekkbi.com\/index.php?rest_route=\/wp\/v2\/users\/1"}],"replies":[{"embeddable":true,"href":"https:\/\/dekkbi.com\/index.php?rest_route=%2Fwp%2Fv2%2Fcomments&post=9147"}],"version-history":[{"count":1,"href":"https:\/\/dekkbi.com\/index.php?rest_route=\/wp\/v2\/posts\/9147\/revisions"}],"predecessor-version":[{"id":9149,"href":"https:\/\/dekkbi.com\/index.php?rest_route=\/wp\/v2\/posts\/9147\/revisions\/9149"}],"wp:featuredmedia":[{"embeddable":true,"href":"https:\/\/dekkbi.com\/index.php?rest_route=\/wp\/v2\/media\/9148"}],"wp:attachment":[{"href":"https:\/\/dekkbi.com\/index.php?rest_route=%2Fwp%2Fv2%2Fmedia&parent=9147"}],"wp:term":[{"taxonomy":"category","embeddable":true,"href":"https:\/\/dekkbi.com\/index.php?rest_route=%2Fwp%2Fv2%2Fcategories&post=9147"},{"taxonomy":"post_tag","embeddable":true,"href":"https:\/\/dekkbi.com\/index.php?rest_route=%2Fwp%2Fv2%2Ftags&post=9147"}],"curies":[{"name":"wp","href":"https:\/\/api.w.org\/{rel}","templated":true}]}}