{"id":9144,"date":"2023-03-23T15:41:40","date_gmt":"2023-03-23T15:41:40","guid":{"rendered":"https:\/\/dekkbi.com\/?p=9144"},"modified":"2023-03-23T15:41:42","modified_gmt":"2023-03-23T15:41:42","slug":"loms-accuse-elon-musk-sans-le-nommer-de-fake-news-sur-le-projet-daccord-contre-les-pandemies","status":"publish","type":"post","link":"https:\/\/dekkbi.com\/?p=9144","title":{"rendered":"L\u2019OMS accuse Elon Musk, sans le nommer, de \u201cfake news\u201d sur le projet d&rsquo;accord contre les pand\u00e9mies"},"content":{"rendered":"\n<p>L\u2019OMS a accus\u00e9 jeudi Elon Musk, sans le nommer, de propager des \u201cfake news\u201d apr\u00e8s un tweet du multimilliardaire appelant les pays \u00e0 \u201cne pas c\u00e9der de leur autorit\u00e9\u201d face au projet d\u2019accord international visant \u00e0 lutter contre les pand\u00e9mies.<\/p>\n\n\n\n<p>La pol\u00e9mique a d\u00e9marr\u00e9 un peu plus t\u00f4t dans la journ\u00e9e, lorsque Elon Musk a tweet\u00e9: \u201cLes pays ne doivent pas c\u00e9der de leur autorit\u00e9 \u00e0 l\u2019OMS\u201d, en r\u00e9f\u00e9rence aux discussions en cours au sein de l\u2019agence onusienne pour \u00e9tablir un accord visant \u00e0 aider les pays \u00e0 mieux pr\u00e9venir et lutter contre les pand\u00e9mies.<\/p>\n\n\n\n<p>Le directeur g\u00e9n\u00e9ral de l\u2019Organisation mondiale de la sant\u00e9 (OMS), Tedros Adhanom Ghebreyesus, lui a d\u2019abord r\u00e9pondu sur Twitter: \u201cLes pays ne c\u00e8dent pas de leur souverainet\u00e9 \u00e0 l\u2019OMS\u201d.<\/p>\n\n\n\n<p>\u201cL\u2019accord sur les pand\u00e9mies ne va pas changer cela. L\u2019accord va aider les pays \u00e0 mieux se pr\u00e9munir contre les pand\u00e9mies. Il nous aidera \u00e0 mieux prot\u00e9ger les gens, qu\u2019ils vivent dans des pays riches ou pauvres\u201d, a-t-il assur\u00e9.<\/p>\n\n\n\n<p>Peu apr\u00e8s, le Dr Tedros est revenu sur le sujet \u00e0 l\u2019ouverture de sa conf\u00e9rence de presse hebdomadaire sur les questions de sant\u00e9 mondiale, pointant du doigt les \u201cinformations erron\u00e9es\u201d \u00e0 propos de l\u2019accord qui circulent sur les r\u00e9seaux sociaux.<\/p>\n\n\n\n<p>\u201cL\u2019affirmation selon laquelle l\u2019accord c\u00e8dera du pouvoir \u00e0 l\u2019OMS est tout simplement fausse. C\u2019est une +fake news+\u201d, a-t-il poursuivi.<\/p>\n\n\n\n<p>Il a assur\u00e9 que \u201cce sont les pays qui d\u00e9cideront de ce que dit l\u2019accord, et eux seuls\u201d, et qui \u201cmettront en oeuvre l\u2019accord conform\u00e9ment \u00e0 leurs propres lois\u201d.<\/p>\n\n\n\n<p>Et, a-t-il ajout\u00e9, \u201csi un politicien, un homme d\u2019affaires ou qui que ce soit d\u2019autre est confus sur ce qu\u2019est et n\u2019est pas l\u2019accord sur les pand\u00e9mies, nous serions plus qu\u2019heureux d\u2019en discuter et de l\u2019expliquer\u201d.<\/p>\n\n\n\n<p>D\u00e9but mars, le Dr Tedros avait d\u00e9clar\u00e9 aux journalistes que les Etats membres de l\u2019OMS devraient bient\u00f4t entamer des n\u00e9gociations sur ce projet d\u2019accord, visant notamment \u00e0 r\u00e9gler les questions du partage de l\u2019information et des in\u00e9galit\u00e9s d\u2019acc\u00e8s aux vaccins observ\u00e9s entre pays riches et pays en d\u00e9veloppement face au Covid.<\/p>\n\n\n\n<p>L\u2019accord permettrait aussi de renforcer les capacit\u00e9s nationales, r\u00e9gionales et mondiales de pr\u00e9paration, de d\u00e9tection, d\u2019alerte et de r\u00e9action aux pand\u00e9mies.<\/p>\n\n\n\n<p>Il avait dit esp\u00e9rer que les n\u00e9gociations pourraient aboutir d\u2019ici mai 2024 et avait appel\u00e9 les pays \u201c\u00e0 tirer les le\u00e7ons de cette pand\u00e9mie\u201d pour ne pas en reproduire les erreurs.<\/p>\n\n\n\n<p>Ce projet d\u2019accord est n\u00e9 suite \u00e0 l\u2019\u00e9chec de la communaut\u00e9 internationale \u00e0 faire face \u00e0 la pand\u00e9mie de Covid-19, les Etats, mais \u00e9galement l\u2019OMS, ayant \u00e9t\u00e9 accus\u00e9s d\u2019avoir agi trop tardivement et de fa\u00e7on peu solidaire.<\/p>\n","protected":false},"excerpt":{"rendered":"<p>L\u2019OMS a accus\u00e9 jeudi Elon Musk, sans le nommer, de propager des \u201cfake news\u201d apr\u00e8s un tweet du multimilliardaire appelant<\/p>\n","protected":false},"author":1,"featured_media":9145,"comment_status":"open","ping_status":"open","sticky":false,"template":"","format":"standard","meta":{"footnotes":""},"categories":[51],"tags":[],"class_list":["post-9144","post","type-post","status-publish","format-standard","has-post-thumbnail","hentry","category-general"],"_links":{"self":[{"href":"https:\/\/dekkbi.com\/index.php?rest_route=\/wp\/v2\/posts\/9144","targetHints":{"allow":["GET"]}}],"collection":[{"href":"https:\/\/dekkbi.com\/index.php?rest_route=\/wp\/v2\/posts"}],"about":[{"href":"https:\/\/dekkbi.com\/index.php?rest_route=\/wp\/v2\/types\/post"}],"author":[{"embeddable":true,"href":"https:\/\/dekkbi.com\/index.php?rest_route=\/wp\/v2\/users\/1"}],"replies":[{"embeddable":true,"href":"https:\/\/dekkbi.com\/index.php?rest_route=%2Fwp%2Fv2%2Fcomments&post=9144"}],"version-history":[{"count":1,"href":"https:\/\/dekkbi.com\/index.php?rest_route=\/wp\/v2\/posts\/9144\/revisions"}],"predecessor-version":[{"id":9146,"href":"https:\/\/dekkbi.com\/index.php?rest_route=\/wp\/v2\/posts\/9144\/revisions\/9146"}],"wp:featuredmedia":[{"embeddable":true,"href":"https:\/\/dekkbi.com\/index.php?rest_route=\/wp\/v2\/media\/9145"}],"wp:attachment":[{"href":"https:\/\/dekkbi.com\/index.php?rest_route=%2Fwp%2Fv2%2Fmedia&parent=9144"}],"wp:term":[{"taxonomy":"category","embeddable":true,"href":"https:\/\/dekkbi.com\/index.php?rest_route=%2Fwp%2Fv2%2Fcategories&post=9144"},{"taxonomy":"post_tag","embeddable":true,"href":"https:\/\/dekkbi.com\/index.php?rest_route=%2Fwp%2Fv2%2Ftags&post=9144"}],"curies":[{"name":"wp","href":"https:\/\/api.w.org\/{rel}","templated":true}]}}