{"id":9132,"date":"2023-03-23T10:59:12","date_gmt":"2023-03-23T10:59:12","guid":{"rendered":"https:\/\/dekkbi.com\/?p=9132"},"modified":"2023-03-23T10:59:14","modified_gmt":"2023-03-23T10:59:14","slug":"lancement-des-travaux-ce-jeudi-la-belle-maquette-du-stade-demba-diop","status":"publish","type":"post","link":"https:\/\/dekkbi.com\/?p=9132","title":{"rendered":"Lancement des travaux, ce jeudi: la belle maquette du Stade Demba Diop"},"content":{"rendered":"\n<p>iGFM (Dakar) La F\u00e9d\u00e9ration S\u00e9n\u00e9galaise de Football a annonc\u00e9, ce mercredi, le lancement des travaux du stade Demba Diop de Dakar, pour ce jeudi 23 mars 2023. La c\u00e9r\u00e9monie aura lieu \u00e0 10h00 en pr\u00e9sence de Mme Fatma Samoura, Secr\u00e9taire g\u00e9n\u00e9rale de la FIFA.<\/p>\n\n\n\n<figure class=\"wp-block-image\"><img decoding=\"async\" src=\"https:\/\/www.igfm.sn\/data\/igfm\/2023\/03\/336898836-991086952306296-1593638632478899891-n_4239.jpeg\" alt=\"\"\/><\/figure>\n\n\n\n<figure class=\"wp-block-image\"><img decoding=\"async\" src=\"https:\/\/www.igfm.sn\/data\/igfm\/2023\/03\/336882442-623450116290129-134951557113007591-n_3119.jpeg\" alt=\"\"\/><\/figure>\n\n\n\n<figure class=\"wp-block-image is-resized\"><img loading=\"lazy\" decoding=\"async\" src=\"https:\/\/www.igfm.sn\/data\/igfm\/2023\/03\/336904744-983150439319052-7231134930308964776-n_7619.jpeg\" alt=\"\" width=\"684\" height=\"384\"\/><\/figure>\n\n\n\n<figure class=\"wp-block-image is-resized\"><img loading=\"lazy\" decoding=\"async\" src=\"https:\/\/www.igfm.sn\/data\/igfm\/2023\/03\/337029875-484071617138847-6087219091857366206-n_5255.jpeg\" alt=\"\" width=\"694\" height=\"390\"\/><\/figure>\n\n\n\n<figure class=\"wp-block-image is-resized\"><img loading=\"lazy\" decoding=\"async\" src=\"https:\/\/www.igfm.sn\/data\/igfm\/2023\/03\/337164439-162813943304067-4815507768662906321-n_9722.jpeg\" alt=\"\" width=\"687\" height=\"386\"\/><\/figure>\n","protected":false},"excerpt":{"rendered":"<p>iGFM (Dakar) La F\u00e9d\u00e9ration S\u00e9n\u00e9galaise de Football a annonc\u00e9, ce mercredi, le lancement des travaux du stade Demba Diop de<\/p>\n","protected":false},"author":1,"featured_media":9133,"comment_status":"open","ping_status":"open","sticky":false,"template":"","format":"standard","meta":{"footnotes":""},"categories":[9],"tags":[],"class_list":["post-9132","post","type-post","status-publish","format-standard","has-post-thumbnail","hentry","category-sports"],"_links":{"self":[{"href":"https:\/\/dekkbi.com\/index.php?rest_route=\/wp\/v2\/posts\/9132","targetHints":{"allow":["GET"]}}],"collection":[{"href":"https:\/\/dekkbi.com\/index.php?rest_route=\/wp\/v2\/posts"}],"about":[{"href":"https:\/\/dekkbi.com\/index.php?rest_route=\/wp\/v2\/types\/post"}],"author":[{"embeddable":true,"href":"https:\/\/dekkbi.com\/index.php?rest_route=\/wp\/v2\/users\/1"}],"replies":[{"embeddable":true,"href":"https:\/\/dekkbi.com\/index.php?rest_route=%2Fwp%2Fv2%2Fcomments&post=9132"}],"version-history":[{"count":1,"href":"https:\/\/dekkbi.com\/index.php?rest_route=\/wp\/v2\/posts\/9132\/revisions"}],"predecessor-version":[{"id":9134,"href":"https:\/\/dekkbi.com\/index.php?rest_route=\/wp\/v2\/posts\/9132\/revisions\/9134"}],"wp:featuredmedia":[{"embeddable":true,"href":"https:\/\/dekkbi.com\/index.php?rest_route=\/wp\/v2\/media\/9133"}],"wp:attachment":[{"href":"https:\/\/dekkbi.com\/index.php?rest_route=%2Fwp%2Fv2%2Fmedia&parent=9132"}],"wp:term":[{"taxonomy":"category","embeddable":true,"href":"https:\/\/dekkbi.com\/index.php?rest_route=%2Fwp%2Fv2%2Fcategories&post=9132"},{"taxonomy":"post_tag","embeddable":true,"href":"https:\/\/dekkbi.com\/index.php?rest_route=%2Fwp%2Fv2%2Ftags&post=9132"}],"curies":[{"name":"wp","href":"https:\/\/api.w.org\/{rel}","templated":true}]}}