{"id":9115,"date":"2023-03-23T10:38:19","date_gmt":"2023-03-23T10:38:19","guid":{"rendered":"https:\/\/dekkbi.com\/?p=9115"},"modified":"2023-03-23T10:38:20","modified_gmt":"2023-03-23T10:38:20","slug":"debut-du-ramadan-aujourdhui-le-senegal-rompt-avec-la-division","status":"publish","type":"post","link":"https:\/\/dekkbi.com\/?p=9115","title":{"rendered":"D\u00e9but du Ramadan aujourd\u2019hui : Le S\u00e9n\u00e9gal rompt avec la division"},"content":{"rendered":"\n<p><strong>A chaque d\u00e9but et fin de Ramadan, les musulmans affichaient leur division. Cette ann\u00e9e, tout le pays a d\u00e9but\u00e9 le je\u00fbne ce jeudi&nbsp;? \u00e0 l\u2019image aussi des autres pays du monde. Une unit\u00e9 qui va ravir la communaut\u00e9 musulmane.<\/strong><\/p>\n\n\n\n<p><strong>Par Ousmane SOW<\/strong>&nbsp;\u2013 C\u2019est rarissime&nbsp;: le S\u00e9n\u00e9gal entame ce jeudi le je\u00fbne \u00e0 l\u2019unanimit\u00e9.<br>Il faut remonter \u00e0 plusieurs ann\u00e9es pour retrouver un d\u00e9but de Ramadan dans l\u2019unit\u00e9, tant la division \u00e9tait devenue la r\u00e8gle. Hier, la Commission nationale de concertation du croissant lunaire a annonc\u00e9 que la lune a \u00e9t\u00e9 aper\u00e7ue dans plusieurs localit\u00e9s du pays. Hier, la Coordination des musulmans du S\u00e9n\u00e9gal avait aussi annonc\u00e9 que le mois de je\u00fbne allait aussi d\u00e9buter ce jour. Comme dans tous les autres pays du monde o\u00f9 r\u00e9sident des musulmans.<\/p>\n\n\n\n<p>Dans son communiqu\u00e9 habituel qui pr\u00e9c\u00e8de l\u2019observation du croissant lunaire, l\u2019Association s\u00e9n\u00e9galaise pour la promotion de l\u2019astronomie (Aspa) avait fait savoir mardi que la lune sera visible \u00e0 l\u2019\u0153il nu ce mercredi 22 mars sur toute l\u2019\u00e9tendue du territoire. Ce qui ne pouvait pas \u00eatre le cas mardi \u00e9videmment. \u00abLa conjonction qui correspond au moment pr\u00e9cis o\u00f9 la lune se trouve entre le soleil et la terre, a lieu le mardi 21 mars \u00e0 17h 24 mn Utc.<\/p>\n\n\n\n<p>Ce moment marque la fin d\u2019un tour de la lune autour de la terre et le d\u00e9but d\u2019un nouveau tour. Mardi 21 mars : la lune se couche \u00e0 19h 21, soit 1 mn apr\u00e8s le soleil, qui se couche \u00e0 19h 20, avec 0,1% de surface \u00e9clair\u00e9e. Les deux astres se couchent donc ensemble, emp\u00eachant toute possibilit\u00e9 d\u2019observation du croissant. La lune n\u2019est donc pas observable \u00e0 l\u2019\u0153il nu au S\u00e9n\u00e9gal dans ces conditions\u00bb, avait indiqu\u00e9 l\u2019Aspa dont le responsable a \u00e9t\u00e9 mis mardi sous les projecteurs avec la projection de son film au Grand Th\u00e9\u00e2tre sous la pr\u00e9sidence du chef de l\u2019Etat, qui lui a confi\u00e9 la direction de l\u2019Agence s\u00e9n\u00e9galaise des \u00e9tudes spatiales.<\/p>\n\n\n\n<p>Comme elle l\u2019avait soulign\u00e9 dans son document qui disait que le mercredi 22 mars, la lune se couche \u00e0 20h 16, soit 55 mn apr\u00e8s le soleil qui se couche \u00e0 19h 21, l\u2019Aspa a vu juste&nbsp;: \u00abElle sera facilement observable \u00e0 l\u2019\u0153il nu partout \u00e0 travers le S\u00e9n\u00e9gal o\u00f9 le ciel est d\u00e9gag\u00e9.<\/p>\n\n\n\n<p>Sa surface \u00e9clair\u00e9e sera de 1, 62%.\u00bb Ce fut le cas hier\u00a0: elle a \u00e9t\u00e9 aper\u00e7ue \u00e0 Podor, K\u00e9dougou, dans certains quartiers de Dakar et dans plusieurs autres villes et hameaux, permettant un Ramadan dans l\u2019unit\u00e9.<\/p>\n\n\n\n<p><\/p>\n\n\n\n<p>LEQUOTIDIEN<\/p>\n","protected":false},"excerpt":{"rendered":"<p>A chaque d\u00e9but et fin de Ramadan, les musulmans affichaient leur division. Cette ann\u00e9e, tout le pays a d\u00e9but\u00e9 le<\/p>\n","protected":false},"author":1,"featured_media":9071,"comment_status":"open","ping_status":"open","sticky":false,"template":"","format":"standard","meta":{"footnotes":""},"categories":[21],"tags":[],"class_list":["post-9115","post","type-post","status-publish","format-standard","has-post-thumbnail","hentry","category-societe"],"_links":{"self":[{"href":"https:\/\/dekkbi.com\/index.php?rest_route=\/wp\/v2\/posts\/9115","targetHints":{"allow":["GET"]}}],"collection":[{"href":"https:\/\/dekkbi.com\/index.php?rest_route=\/wp\/v2\/posts"}],"about":[{"href":"https:\/\/dekkbi.com\/index.php?rest_route=\/wp\/v2\/types\/post"}],"author":[{"embeddable":true,"href":"https:\/\/dekkbi.com\/index.php?rest_route=\/wp\/v2\/users\/1"}],"replies":[{"embeddable":true,"href":"https:\/\/dekkbi.com\/index.php?rest_route=%2Fwp%2Fv2%2Fcomments&post=9115"}],"version-history":[{"count":1,"href":"https:\/\/dekkbi.com\/index.php?rest_route=\/wp\/v2\/posts\/9115\/revisions"}],"predecessor-version":[{"id":9116,"href":"https:\/\/dekkbi.com\/index.php?rest_route=\/wp\/v2\/posts\/9115\/revisions\/9116"}],"wp:featuredmedia":[{"embeddable":true,"href":"https:\/\/dekkbi.com\/index.php?rest_route=\/wp\/v2\/media\/9071"}],"wp:attachment":[{"href":"https:\/\/dekkbi.com\/index.php?rest_route=%2Fwp%2Fv2%2Fmedia&parent=9115"}],"wp:term":[{"taxonomy":"category","embeddable":true,"href":"https:\/\/dekkbi.com\/index.php?rest_route=%2Fwp%2Fv2%2Fcategories&post=9115"},{"taxonomy":"post_tag","embeddable":true,"href":"https:\/\/dekkbi.com\/index.php?rest_route=%2Fwp%2Fv2%2Ftags&post=9115"}],"curies":[{"name":"wp","href":"https:\/\/api.w.org\/{rel}","templated":true}]}}